{"id":20134,"date":"2023-05-26T10:00:30","date_gmt":"2023-05-26T08:00:30","guid":{"rendered":"https:\/\/edublog.educastur.es\/ixuxu\/?p=20134"},"modified":"2023-05-28T12:22:17","modified_gmt":"2023-05-28T10:22:17","slug":"20134","status":"publish","type":"post","link":"https:\/\/edublog.educastur.es\/ixuxu\/2023\/05\/20134\/","title":{"rendered":"El segundu veleru m\u00e1s grande del mundu fechu n&#8217;Espa\u00f1a, en Xix\u00f3n"},"content":{"rendered":"<ul>\n<li><a href=\"https:\/\/www.elcomercio.es\/gijon\/crucero-vela-atraca-136-turistas-20230526004550-nt.html?vca=dgtk-rrss-ecm&amp;vso=fb&amp;vmc=social&amp;vli=gijon-ecm&amp;_tcode=ajBhcjYx\">Fonte: El Comercio<\/a> \/ <a href=\"https:\/\/s1.ppllstatics.com\/elcomercio\/www\/multimedia\/2023\/05\/26\/83947376--758x531.jpg\">semeya<\/a> \/<\/li>\n<li>Noticia: <a href=\"https:\/\/foronaval.com\/2022\/06\/03\/el-crucero-sea-cloud-spirit-el-segundo-velero-mas-grande-del-mundo-hecho-en-espana\/\">fechu n&#8217;Espa\u00f1a<\/a> \/<em> El segundu veleru m\u00e1s grande del mundu fechu n&#8217;Espa\u00f1a<\/em><\/li>\n<\/ul>\n<p style=\"text-align: center\"><a href=\"https:\/\/s1.ppllstatics.com\/elcomercio\/www\/multimedia\/2023\/05\/26\/83947376--758x531.jpg\"><img loading=\"lazy\" decoding=\"async\" class=\"aligncenter size-full\" src=\"https:\/\/s1.ppllstatics.com\/elcomercio\/www\/multimedia\/2023\/05\/26\/83947376--758x531.jpg\" width=\"758\" height=\"531\" \/><\/a><\/p>\n<p>El cruceru a vela <strong>&#8216;S\u00eda Cloud Spirit&#8217;<\/strong> fixo escala ayeri en Xix\u00f3n mientres unes hores pa gran gayola de los sos pasaxeros. Un total de 136 cruceristas pudieron esfrutar ayeri de la ciud\u00e1 dende pela ma\u00f1ana. El pintorescu barcu de 27 veles lleg\u00f3 procedente de Villagarc\u00eda d&#8217;Arosa y punxo aldu dempu\u00e9s escontra Bilbao.<\/p>\n<p><!--more--><a href=\"https:\/\/foronaval.files.wordpress.com\/2022\/06\/sea-cloud-spirit-malaga-foro-naval-9.jpg\"><img loading=\"lazy\" decoding=\"async\" class=\"aligncenter size-full\" src=\"https:\/\/foronaval.files.wordpress.com\/2022\/06\/sea-cloud-spirit-malaga-foro-naval-9.jpg\" width=\"646\" height=\"1000\" \/><\/a><\/p>\n<p><a href=\"https:\/\/foronaval.files.wordpress.com\/2022\/06\/sea-cloud-spirit-malaga-foro-naval-12-2.jpg\"><img loading=\"lazy\" decoding=\"async\" class=\"aligncenter size-full\" src=\"https:\/\/foronaval.files.wordpress.com\/2022\/06\/sea-cloud-spirit-malaga-foro-naval-12-2.jpg\" width=\"1000\" height=\"667\" \/><\/a><\/p>\n<p><a href=\"https:\/\/foronaval.files.wordpress.com\/2022\/06\/sea-cloud-spirit-malaga-foro-naval-15-1.jpg\"><img loading=\"lazy\" decoding=\"async\" class=\"aligncenter size-full\" src=\"https:\/\/foronaval.files.wordpress.com\/2022\/06\/sea-cloud-spirit-malaga-foro-naval-15-1.jpg\" width=\"960\" height=\"640\" \/><\/a><\/p>\n<p><a href=\"https:\/\/foronaval.files.wordpress.com\/2022\/06\/sea-cloud-spirit-malaga-foro-naval-4-1.jpg\"><img loading=\"lazy\" decoding=\"async\" class=\"aligncenter size-full\" src=\"https:\/\/foronaval.files.wordpress.com\/2022\/06\/sea-cloud-spirit-malaga-foro-naval-4-1.jpg\" width=\"1200\" height=\"675\" \/><\/a><a href=\"https:\/\/foronaval.files.wordpress.com\/2022\/06\/sea-cloud-spirit-malaga-foro-naval-8-1.jpg\"><img loading=\"lazy\" decoding=\"async\" class=\"aligncenter size-full\" src=\"https:\/\/foronaval.files.wordpress.com\/2022\/06\/sea-cloud-spirit-malaga-foro-naval-8-1.jpg\" width=\"1200\" height=\"675\" \/><\/a><\/p>\n","protected":false},"excerpt":{"rendered":"<p>Fonte: El Comercio \/ semeya \/ Noticia: fechu n&#8217;Espa\u00f1a \/ El segundu veleru m\u00e1s grande del mundu fechu n&#8217;Espa\u00f1a El cruceru a vela &#8216;S\u00eda Cloud Spirit&#8217; fixo escala ayeri en Xix\u00f3n mientres unes hores pa gran gayola de los sos pasaxeros. Un total de 136 cruceristas pudieron esfrutar ayeri de la ciud\u00e1 dende pela ma\u00f1ana. [&hellip;]<\/p>\n","protected":false},"author":117,"featured_media":0,"comment_status":"open","ping_status":"open","sticky":false,"template":"","format":"standard","meta":{"footnotes":""},"categories":[232,183],"tags":[],"class_list":["post-20134","post","type-post","status-publish","format-standard","hentry","category-tresportes","category-xixon"],"_links":{"self":[{"href":"https:\/\/edublog.educastur.es\/ixuxu\/wp-json\/wp\/v2\/posts\/20134","targetHints":{"allow":["GET"]}}],"collection":[{"href":"https:\/\/edublog.educastur.es\/ixuxu\/wp-json\/wp\/v2\/posts"}],"about":[{"href":"https:\/\/edublog.educastur.es\/ixuxu\/wp-json\/wp\/v2\/types\/post"}],"author":[{"embeddable":true,"href":"https:\/\/edublog.educastur.es\/ixuxu\/wp-json\/wp\/v2\/users\/117"}],"replies":[{"embeddable":true,"href":"https:\/\/edublog.educastur.es\/ixuxu\/wp-json\/wp\/v2\/comments?post=20134"}],"version-history":[{"count":3,"href":"https:\/\/edublog.educastur.es\/ixuxu\/wp-json\/wp\/v2\/posts\/20134\/revisions"}],"predecessor-version":[{"id":20137,"href":"https:\/\/edublog.educastur.es\/ixuxu\/wp-json\/wp\/v2\/posts\/20134\/revisions\/20137"}],"wp:attachment":[{"href":"https:\/\/edublog.educastur.es\/ixuxu\/wp-json\/wp\/v2\/media?parent=20134"}],"wp:term":[{"taxonomy":"category","embeddable":true,"href":"https:\/\/edublog.educastur.es\/ixuxu\/wp-json\/wp\/v2\/categories?post=20134"},{"taxonomy":"post_tag","embeddable":true,"href":"https:\/\/edublog.educastur.es\/ixuxu\/wp-json\/wp\/v2\/tags?post=20134"}],"curies":[{"name":"wp","href":"https:\/\/api.w.org\/{rel}","templated":true}]}}