{"id":20204,"date":"2023-05-29T10:00:47","date_gmt":"2023-05-29T08:00:47","guid":{"rendered":"https:\/\/edublog.educastur.es\/ixuxu\/?p=20204"},"modified":"2023-05-28T17:41:42","modified_gmt":"2023-05-28T15:41:42","slug":"uvieu-capital-de-la-sidra-del-2-4-de-xunu","status":"publish","type":"post","link":"https:\/\/edublog.educastur.es\/ixuxu\/2023\/05\/uvieu-capital-de-la-sidra-del-2-4-de-xunu\/","title":{"rendered":"Uvi\u00e9u, capital de la sidra, del 2-4 de xunu"},"content":{"rendered":"<p><a href=\"https:\/\/oviedocapitaldelasidra.com\/wp-content\/uploads\/2023\/05\/TONEL.png\"><img loading=\"lazy\" decoding=\"async\" class=\"aligncenter size-full\" src=\"https:\/\/oviedocapitaldelasidra.com\/wp-content\/uploads\/2023\/05\/TONEL.png\" width=\"638\" height=\"587\" \/><\/a>L&#8217;\u00fanicu llugar del mundu onde s&#8217;echa la sidra ye n&#8217;Asturies, por eso Uvi\u00e9u non y\u00e1 ye la capital del para\u00edsu natural sin\u00f3n tami\u00e9n la capital de la sidra. Para vivir una esperiencia tur\u00edstica aut\u00e9ntica cuando vas a Uvi\u00e9u tienes que visitar el conoc\u00edu \u201cBulevar de la Sidra\u201d.<\/p>\n<ul>\n<li><a href=\"https:\/\/oviedocapitaldelasidra.com\">https:\/\/oviedocapitaldelasidra.com<\/a>\/ P<span class=\"css-901oao css-16my406 r-poiln3 r-bcqeeo r-qvutc0\">ograma <\/span><a class=\"css-4rbku5 css-18t94o4 css-901oao css-16my406 r-1cvl2hr r-1loqt21 r-poiln3 r-bcqeeo r-qvutc0\" role=\"link\" href=\"https:\/\/t.co\/1NIt7JkvGl\" target=\"_blank\" rel=\"noopener noreferrer nofollow\"><span class=\"css-901oao css-16my406 r-poiln3 r-hiw28u r-qvk6io r-bcqeeo r-qvutc0\" aria-hidden=\"true\">https:\/\/<\/span>bit.ly\/3MzIekF<\/a><\/li>\n<\/ul>\n<p><!--more--><\/p>\n<p style=\"text-align: center\"><span style=\"color: #008080\"><strong>El 3 de xunu, D\u00eda Internacional de la Sidra<\/strong><\/span><\/p>\n<p>Esta fecha simboliza&#8217;l principiu de la temporada de sidra a nivel mundial. Y para terminar la fin de selmana, el 4 de xunu desenvu\u00e9lvese la \u201cPreba de la Sidra\u201d, pistoletazu de salida de la temporada de terraces y del consumu de sidra na cai.<\/p>\n<p>Nesta Fiesta d&#8217;Inter\u00e9s Rexonal, tol mundu ta convid\u00e1u a participar, solo hai que mercar una entrada (qu&#8217;incl\u00fai un pa\u00f1uelu y un vasu de sidra) y parase nos distintos puestos, tantes vegaes como se quiera, a probar los distintos \u201cpalos\u201d de la sidra, y formar parte de la decisi\u00f3n final sobro cu\u00e1l ye&#8217;l meyor, arrodiaos d&#8217;un ambiente festivo inigualable.<\/p>\n<p>&nbsp;<\/p>\n<p>&nbsp;<\/p>\n","protected":false},"excerpt":{"rendered":"<p>L&#8217;\u00fanicu llugar del mundu onde s&#8217;echa la sidra ye n&#8217;Asturies, por eso Uvi\u00e9u non y\u00e1 ye la capital del para\u00edsu natural sin\u00f3n tami\u00e9n la capital de la sidra. Para vivir una esperiencia tur\u00edstica aut\u00e9ntica cuando vas a Uvi\u00e9u tienes que visitar el conoc\u00edu \u201cBulevar de la Sidra\u201d. https:\/\/oviedocapitaldelasidra.com\/ Pograma https:\/\/bit.ly\/3MzIekF<\/p>\n","protected":false},"author":117,"featured_media":0,"comment_status":"open","ping_status":"open","sticky":false,"template":"","format":"standard","meta":{"footnotes":""},"categories":[156],"tags":[],"class_list":["post-20204","post","type-post","status-publish","format-standard","hentry","category-sidre"],"_links":{"self":[{"href":"https:\/\/edublog.educastur.es\/ixuxu\/wp-json\/wp\/v2\/posts\/20204","targetHints":{"allow":["GET"]}}],"collection":[{"href":"https:\/\/edublog.educastur.es\/ixuxu\/wp-json\/wp\/v2\/posts"}],"about":[{"href":"https:\/\/edublog.educastur.es\/ixuxu\/wp-json\/wp\/v2\/types\/post"}],"author":[{"embeddable":true,"href":"https:\/\/edublog.educastur.es\/ixuxu\/wp-json\/wp\/v2\/users\/117"}],"replies":[{"embeddable":true,"href":"https:\/\/edublog.educastur.es\/ixuxu\/wp-json\/wp\/v2\/comments?post=20204"}],"version-history":[{"count":1,"href":"https:\/\/edublog.educastur.es\/ixuxu\/wp-json\/wp\/v2\/posts\/20204\/revisions"}],"predecessor-version":[{"id":20205,"href":"https:\/\/edublog.educastur.es\/ixuxu\/wp-json\/wp\/v2\/posts\/20204\/revisions\/20205"}],"wp:attachment":[{"href":"https:\/\/edublog.educastur.es\/ixuxu\/wp-json\/wp\/v2\/media?parent=20204"}],"wp:term":[{"taxonomy":"category","embeddable":true,"href":"https:\/\/edublog.educastur.es\/ixuxu\/wp-json\/wp\/v2\/categories?post=20204"},{"taxonomy":"post_tag","embeddable":true,"href":"https:\/\/edublog.educastur.es\/ixuxu\/wp-json\/wp\/v2\/tags?post=20204"}],"curies":[{"name":"wp","href":"https:\/\/api.w.org\/{rel}","templated":true}]}}