{"id":203,"date":"2020-04-08T10:45:30","date_gmt":"2020-04-08T10:45:30","guid":{"rendered":"https:\/\/edublog.educastur.es\/ixuxu\/?p=203"},"modified":"2020-08-09T17:54:29","modified_gmt":"2020-08-09T17:54:29","slug":"pallabres-pa-martin-de-cristian-david-lopez","status":"publish","type":"post","link":"https:\/\/edublog.educastur.es\/ixuxu\/2020\/04\/pallabres-pa-martin-de-cristian-david-lopez\/","title":{"rendered":"\u00abPallabres pa Mart\u00edn\u00bb, de Cristian David L\u00f3pez \u00a0"},"content":{"rendered":"<div class=\"PublishedDate__date--2OHFJ\">\n<div class=\"l9j0dhe7 jxk88fls rops0bsn n851cfcs\">\n<div class=\"stjgntxs ni8dbmo4\"><a href=\"https:\/\/imgbox.es\/images\/2020\/04\/10\/impronta978eb62841772dff.jpg\"><img loading=\"lazy\" decoding=\"async\" class=\"alignnone \" src=\"https:\/\/imgbox.es\/images\/2020\/04\/10\/impronta978eb62841772dff.jpg\" width=\"277\" height=\"80\" \/><\/a><\/div>\n<div>\n<div dir=\"auto\">Fonte: <a href=\"https:\/\/www.facebook.com\/groups\/293417997831658\">Escritores d\u00b4Asturies<\/a><\/div>\n<div dir=\"auto\"><a class=\"oajrlxb2 g5ia77u1 qu0x051f esr5mh6w e9989ue4 r7d6kgcz rq0escxv nhd2j8a9 nc684nl6 p7hjln8o kvgmc6g5 cxmmr5t8 oygrvhab hcukyx3x jb3vyjys rz4wbd8a qt6c0cv9 a8nywdso i1ao9s8h esuyzwwr f1sip0of lzcic4wl oo9gr5id gpro0wi8 lrazzd5p\" role=\"link\" href=\"https:\/\/www.facebook.com\/carlos.gonzalezespina?__cft__[0]=AZVzFxTCdGHLvG2lzK4PRyYc9FPu4a-CiBIYbIK3poz7dlHL_HPlDWgEkSwW6U2Wkn5wA9lEnxLNo2FouHzc7yQ-_CvumZ4EXGbWALn6Rwi5Rd9L-G35w0fE1Fb_XDBrRRsoOggOAImtpuS4vsO5HG_SaAkPQuenj306pgeFve9H_g&amp;__tn__=-UC%2CP-y-R\"><strong>Carlos Gonzalez Espina<\/strong><\/a><\/div>\n<\/div>\n<\/div>\n<\/div>\n<div class=\"DocumentInfo__description--19zE9\" lang=\"es\">\n<p class=\"ixu-paragraph ixu-paragraph--small\"><span style=\"font-size: 20px\"><em>Como g\u00fcei ta lloviendo, el peque\u00f1u Mart\u00edn nun pue salir a pasiar. El p\u00e1 ent\u00f3s entreti\u00e9nlu cont\u00e1ndo-y histories de cuando yera ne\u00f1u, all\u00e1 nel Paraguay, un pa\u00eds de viesques grand\u00edsimes onde viven l\u2019armadillu, el cuati, l\u2019osu formigueru, el puma, el tuc\u00e1n, el p\u00e1xaru campana,\u2026 Y onde hai munchos r\u00edos pa xugar. Ell\u00ed saben toles pallabres guaran\u00edes coles que nomen a los animales, les coses y los xuegos. Saben tami\u00e9n esguilar a los \u00e1rboles m\u00e1s altos de la viesca, y saltar ente les piedres del r\u00edu pa garrar el pexe d\u2019oru que vive nel fondu de los pielgos. [Pa llectores de 4 a 9 a\u00f1os]<\/em><\/span><\/p>\n<ul>\n<li><a href=\"https:\/\/issuu.com\/impronta\/docs\/pallabres_pa_marti_n_web\"><em><strong>Ver n\u00b4ISSUU<\/strong><\/em><\/a><\/li>\n<\/ul>\n<p><a href=\"https:\/\/begmont.webnode.es\/_files\/200000135-8c00d8c00f\/desarrollo%20portada.jpg\"><img loading=\"lazy\" decoding=\"async\" class=\"alignnone \" src=\"https:\/\/begmont.webnode.es\/_files\/200000135-8c00d8c00f\/desarrollo%20portada.jpg\" width=\"627\" height=\"333\" \/><\/a><\/p>\n<blockquote><p><em><span class=\"css-901oao css-16my406 r-1qd0xha r-ad9z0x r-bcqeeo r-qvutc0\">Un llibr\u00edn sobre un tema que me vuelve loco: mi f\u00edu Mart\u00edn.<\/span> <\/em><\/p><\/blockquote>\n<ul>\n<li>Autor: <a href=\"https:\/\/twitter.com\/CristianDaviLo\"><em>Cristian David L\u00f3pez<\/em><\/a><\/li>\n<li><a href=\"https:\/\/pbs.twimg.com\/media\/DXSVS6CW4AEM4hS?format=jpg&amp;name=4096x4096\">Ver m\u00e1s<\/a><\/li>\n<li><a href=\"https:\/\/issuu.com\/impronta\"><strong><em>Impronta n\u00b4ISSUU<\/em><\/strong><\/a><\/li>\n<\/ul>\n<p>&nbsp;<\/p>\n<\/div>\n","protected":false},"excerpt":{"rendered":"<p>Fonte: Escritores d\u00b4Asturies Carlos Gonzalez Espina Como g\u00fcei ta lloviendo, el peque\u00f1u Mart\u00edn nun pue salir a pasiar. El p\u00e1 ent\u00f3s entreti\u00e9nlu cont\u00e1ndo-y histories de cuando yera ne\u00f1u, all\u00e1 nel Paraguay, un pa\u00eds de viesques grand\u00edsimes onde viven l\u2019armadillu, el cuati, l\u2019osu formigueru, el puma, el tuc\u00e1n, el p\u00e1xaru campana,\u2026 Y onde hai munchos r\u00edos [&hellip;]<\/p>\n","protected":false},"author":117,"featured_media":0,"comment_status":"closed","ping_status":"open","sticky":false,"template":"","format":"standard","meta":{"footnotes":""},"categories":[7,10,13],"tags":[],"class_list":["post-203","post","type-post","status-publish","format-standard","hentry","category-cuentos","category-llibros-reciella","category-novedaes"],"_links":{"self":[{"href":"https:\/\/edublog.educastur.es\/ixuxu\/wp-json\/wp\/v2\/posts\/203","targetHints":{"allow":["GET"]}}],"collection":[{"href":"https:\/\/edublog.educastur.es\/ixuxu\/wp-json\/wp\/v2\/posts"}],"about":[{"href":"https:\/\/edublog.educastur.es\/ixuxu\/wp-json\/wp\/v2\/types\/post"}],"author":[{"embeddable":true,"href":"https:\/\/edublog.educastur.es\/ixuxu\/wp-json\/wp\/v2\/users\/117"}],"replies":[{"embeddable":true,"href":"https:\/\/edublog.educastur.es\/ixuxu\/wp-json\/wp\/v2\/comments?post=203"}],"version-history":[{"count":1,"href":"https:\/\/edublog.educastur.es\/ixuxu\/wp-json\/wp\/v2\/posts\/203\/revisions"}],"predecessor-version":[{"id":204,"href":"https:\/\/edublog.educastur.es\/ixuxu\/wp-json\/wp\/v2\/posts\/203\/revisions\/204"}],"wp:attachment":[{"href":"https:\/\/edublog.educastur.es\/ixuxu\/wp-json\/wp\/v2\/media?parent=203"}],"wp:term":[{"taxonomy":"category","embeddable":true,"href":"https:\/\/edublog.educastur.es\/ixuxu\/wp-json\/wp\/v2\/categories?post=203"},{"taxonomy":"post_tag","embeddable":true,"href":"https:\/\/edublog.educastur.es\/ixuxu\/wp-json\/wp\/v2\/tags?post=203"}],"curies":[{"name":"wp","href":"https:\/\/api.w.org\/{rel}","templated":true}]}}