{"id":2030,"date":"2020-12-21T19:58:07","date_gmt":"2020-12-21T17:58:07","guid":{"rendered":"https:\/\/edublog.educastur.es\/ixuxu\/?p=2030"},"modified":"2020-12-21T19:58:07","modified_gmt":"2020-12-21T17:58:07","slug":"asturies-cultural-en-rede","status":"publish","type":"post","link":"https:\/\/edublog.educastur.es\/ixuxu\/2020\/12\/asturies-cultural-en-rede\/","title":{"rendered":"Asturies Cultural en Rede"},"content":{"rendered":"<div class=\"oi9244e8 do00u71z j83agx80\">\n<div class=\"nc684nl6\">\n<div class=\"q676j6op qypqp5cg\"><span style=\"color: #008080\"><em><span class=\"d2edcug0 hpfvmrgz qv66sw1b c1et5uql rrkovp55 a8c37x1j keod5gw0 nxhoafnm aigsh9s9 d3f4x2em fe6kdd0r mau55g9w c8b282yb iv3no6db jq4qci2q a3bd9o3v knj5qynh oo9gr5id\" dir=\"auto\">Artes esc\u00e9niques, m\u00fasica, lliteratura, artes pl\u00e1stiques, cine y cultura tradicional en tol territoriu asturianu<\/span><\/em><\/span><\/div>\n<\/div>\n<\/div>\n<div><\/div>\n<p><a href=\"https:\/\/imgbox.es\/images\/2020\/12\/21\/asturias-cultural6d9bbabd59f8b4c2.jpg\"><img loading=\"lazy\" decoding=\"async\" class=\"aligncenter\" src=\"https:\/\/imgbox.es\/images\/2020\/12\/21\/asturias-cultural6d9bbabd59f8b4c2.jpg\" alt=\"\" width=\"1753\" height=\"1240\" \/><\/a><\/p>\n<div class=\"buofh1pr\">\n<div class=\"j83agx80 cbu4d94t ew0dbk1b irj2b8pg\">\n<div class=\"qzhwtbm6 knvmm38d\">\n<div class=\"aahdfvyu\">\n<ul>\n<li class=\"nc684nl6\"><a class=\"oajrlxb2 g5ia77u1 qu0x051f esr5mh6w e9989ue4 r7d6kgcz rq0escxv nhd2j8a9 nc684nl6 p7hjln8o kvgmc6g5 cxmmr5t8 oygrvhab hcukyx3x jb3vyjys rz4wbd8a qt6c0cv9 a8nywdso i1ao9s8h esuyzwwr f1sip0of lzcic4wl oo9gr5id gpro0wi8 lrazzd5p\" role=\"link\" href=\"https:\/\/www.facebook.com\/politicallinguistica\/?__cft__[0]=AZWym7qWtIVUMpWx-M7EMtlTluuVM1vPA1VDYYunsmcnv6cODwQ4LmjlwhjzxKXg8r9d1VctFh7sS2ocIP7QpB3Zo16LBWgK0vyABULg9zS6M_lrq9RzOLgxmMvjFeTiGwmf7mmEeHQ6STYwwnhY-RJY-Ow5HNUKc182e6eFxSGN_eHU7dq2ZBOTpm1po7K3UFo&amp;__tn__=-UC*F\">Fonte: Pol\u00edtica Lling\u00fc\u00edstica Princip\u00e1u d&#8217;Asturies<\/a><\/li>\n<li><a href=\"https:\/\/www.facebook.com\/AsturiesCulturaenRede\">En facebook<\/a><\/li>\n<li><a href=\"http:\/\/www.asturiesculturaenrede.es\/as\/\">Web <strong>Asturies Cultural en Rede<\/strong><\/a><\/li>\n<\/ul>\n<\/div>\n<\/div>\n<div class=\"qzhwtbm6 knvmm38d\"><\/div>\n<\/div>\n<\/div>\n<div>\n<div class=\"a8nywdso j7796vcc rz4wbd8a l29c1vbm\"><span class=\"d2edcug0 hpfvmrgz qv66sw1b c1et5uql rrkovp55 a8c37x1j keod5gw0 nxhoafnm aigsh9s9 d3f4x2em fe6kdd0r mau55g9w c8b282yb iv3no6db jq4qci2q a3bd9o3v knj5qynh oo9gr5id\" dir=\"auto\"><br \/>\n<\/span><br \/>\n<span class=\"d2edcug0 hpfvmrgz qv66sw1b c1et5uql rrkovp55 a8c37x1j keod5gw0 nxhoafnm aigsh9s9 d3f4x2em fe6kdd0r mau55g9w c8b282yb iv3no6db jq4qci2q a3bd9o3v knj5qynh oo9gr5id\" dir=\"auto\"><\/p>\n<p><\/span><\/div>\n<\/div>\n","protected":false},"excerpt":{"rendered":"<p>Artes esc\u00e9niques, m\u00fasica, lliteratura, artes pl\u00e1stiques, cine y cultura tradicional en tol territoriu asturianu Fonte: Pol\u00edtica Lling\u00fc\u00edstica Princip\u00e1u d&#8217;Asturies En facebook Web Asturies Cultural en Rede<\/p>\n","protected":false},"author":117,"featured_media":0,"comment_status":"closed","ping_status":"open","sticky":false,"template":"","format":"standard","meta":{"footnotes":""},"categories":[66],"tags":[],"class_list":["post-2030","post","type-post","status-publish","format-standard","hentry","category-politica-llinguistica"],"_links":{"self":[{"href":"https:\/\/edublog.educastur.es\/ixuxu\/wp-json\/wp\/v2\/posts\/2030","targetHints":{"allow":["GET"]}}],"collection":[{"href":"https:\/\/edublog.educastur.es\/ixuxu\/wp-json\/wp\/v2\/posts"}],"about":[{"href":"https:\/\/edublog.educastur.es\/ixuxu\/wp-json\/wp\/v2\/types\/post"}],"author":[{"embeddable":true,"href":"https:\/\/edublog.educastur.es\/ixuxu\/wp-json\/wp\/v2\/users\/117"}],"replies":[{"embeddable":true,"href":"https:\/\/edublog.educastur.es\/ixuxu\/wp-json\/wp\/v2\/comments?post=2030"}],"version-history":[{"count":2,"href":"https:\/\/edublog.educastur.es\/ixuxu\/wp-json\/wp\/v2\/posts\/2030\/revisions"}],"predecessor-version":[{"id":2032,"href":"https:\/\/edublog.educastur.es\/ixuxu\/wp-json\/wp\/v2\/posts\/2030\/revisions\/2032"}],"wp:attachment":[{"href":"https:\/\/edublog.educastur.es\/ixuxu\/wp-json\/wp\/v2\/media?parent=2030"}],"wp:term":[{"taxonomy":"category","embeddable":true,"href":"https:\/\/edublog.educastur.es\/ixuxu\/wp-json\/wp\/v2\/categories?post=2030"},{"taxonomy":"post_tag","embeddable":true,"href":"https:\/\/edublog.educastur.es\/ixuxu\/wp-json\/wp\/v2\/tags?post=2030"}],"curies":[{"name":"wp","href":"https:\/\/api.w.org\/{rel}","templated":true}]}}