{"id":20364,"date":"2023-06-05T11:29:38","date_gmt":"2023-06-05T09:29:38","guid":{"rendered":"https:\/\/edublog.educastur.es\/ixuxu\/?p=20364"},"modified":"2023-06-13T11:59:08","modified_gmt":"2023-06-13T09:59:08","slug":"20364","status":"publish","type":"post","link":"https:\/\/edublog.educastur.es\/ixuxu\/2023\/06\/20364\/","title":{"rendered":"Rodrigo Cuevas estrena&#8217;l so videoclip y retrata&#8217;l conflictu ente la caza y la naturaleza"},"content":{"rendered":"<p>L&#8217;artista y agitador folcl\u00f3ricu asturianu Rodrigo Cuevas estrena&#8217;l so nuevu<a href=\"https:\/\/www.youtube.com\/watch?v=cnDekV79Few&amp;t=66s\"><strong> videoclip, \u201cCasares\u201d<\/strong>,<\/a> como adelantre del so nuevu discu \u201cManual de romer\u00eda\u201d. Esta tema llega xunas selmanes dempu\u00e9s de <strong><a href=\"https:\/\/www.youtube.com\/watch?v=8cqfBayDi7w\">\u201cM\u00e1s animal\u201d<\/a><\/strong>, una tema que tami\u00e9n forma parte del so pr\u00f3ximu trabayu.<\/p>\n<p style=\"text-align: center\">\n<!-- iframe plugin v.6.0 wordpress.org\/plugins\/iframe\/ -->\n<iframe loading=\"lazy\" width=\"100%\" height=\"395\" src=\"https:\/\/www.youtube.com\/embed\/cnDekV79Few\" title=\"Rodrigo Cuevas - Casares (Video Oficial)\" frameborder=\"0\" allow=\"accelerometer; autoplay; clipboard-write; encrypted-media; gyroscope; picture-in-picture; web-share\" 0=\"allowfullscreen\" 1=\"\/iframe\" scrolling=\"yes\" class=\"iframe-class\"><\/iframe>\n<\/p>\n<ul>\n<li>Fonte:<a href=\"https:\/\/lavozdeltrubia.es\/2023\/06\/03\/teverga-y-la-taberna-narciso-en-el-ultimo-video-de-rodrigo-cuevas\/?fbclid=IwAR0gtIEhmCt7j5xSeWS1iXYicpYDWqtadpdtB63vev1FL3m10z2ZUt3WpXE\"> La Voz del Trubia<\/a> \/ <a href=\"https:\/\/www.youtube.com\/watch?v=cnDekV79Few\">Videu<\/a> \/<\/li>\n<\/ul>\n<p><!--more--><\/p>\n<p>Teberga y la Tabierna Narcisu. \u2018El Busgosu de Casares\u2019 <strong><span style=\"color: #008080\">retrata&#8217;l conflictu ente la caza y la naturaleza<\/span> <\/strong>nuna producci\u00f3n de gran guapura empobinada por Jorge Coloraes y Madalena Orellana<\/p>\n<p style=\"text-align: center\">\n<!-- iframe plugin v.6.0 wordpress.org\/plugins\/iframe\/ -->\n<iframe loading=\"lazy\" src=\"https:\/\/www.facebook.com\/plugins\/post.php?href=https%3A%2F%2Fwww.facebook.com%2FmadebyKos%2Fposts%2Fpfbid02vSDc9ESPqRBVU6b9XcV65UFeFx5zJTDQtsZwT2cy3hjuzfsCftjNnJiEy2ya4GnWl&#038;show_text=false&#038;width=500\" width=\"500\" height=\"497\" style=\"border:none;overflow:hidden\" scrolling=\"no\" frameborder=\"0\" allowfullscreen=\"true\" allow=\"autoplay; clipboard-write; encrypted-media; picture-in-picture; web-share\" 0=\"\/iframe\" class=\"iframe-class\"><\/iframe>\n<\/p>\n<p>Rodrigo tresformase nun busgosu, mediu home mediu animal, en \u2018El Busgosu de Casares\u2019, l&#8217;\u00faltimu v\u00eddeu del artista asturianu, qu&#8217;en gran parte grabase na contorna, nuna cuidada producci\u00f3n con idea orixinal de colectivu \u2018Nuberu Vagu\u2019, con direcci\u00f3n de Jorge Coloraes y Madalena Orellana. <strong><span style=\"color: #008080\">El v\u00eddeu esquiza la relaci\u00f3n de la caza y la vida selvaxe,<\/span><\/strong> con una tema musical que como y\u00e1 ye habitual nel artista<span style=\"color: #008080\"> actualiza los son\u00edos y les lletres del folclore tradicional asturianu<\/span>. La Tabierna Narcisu, de Teberga, ye unu de los espacios nos que se grab\u00f3&#8217;l v\u00eddeu, que tami\u00e9n capta la guapura de los paisaxes del Parque Natural de Les Ubi\u00f1as-La Mesa. De la mano d&#8217;El Cohete Internacional, el v\u00eddeu public\u00f3se ayeri en Youtube y cuenta y\u00e1 con barganal de 18.000 reproducciones.<\/p>\n<p style=\"text-align: center\">\n<!-- iframe plugin v.6.0 wordpress.org\/plugins\/iframe\/ -->\n<iframe loading=\"lazy\" src=\"https:\/\/www.facebook.com\/plugins\/post.php?href=https%3A%2F%2Fwww.facebook.com%2FmadebyKos%2Fposts%2Fpfbid02iMRP34hctA1YjxsKqUS2nX1ZKrc7iWTCYZLqFJAwmwHHeWcuND4YbyeNWMS1AEF3l&#038;show_text=true&#038;width=500\" width=\"500\" height=\"609\" style=\"border:none;overflow:hidden\" scrolling=\"no\" frameborder=\"0\" allowfullscreen=\"true\" allow=\"autoplay; clipboard-write; encrypted-media; picture-in-picture; web-share\" 0=\"\/iframe\" class=\"iframe-class\"><\/iframe>\n<\/p>\n<p>&nbsp;<\/p>\n","protected":false},"excerpt":{"rendered":"<p>L&#8217;artista y agitador folcl\u00f3ricu asturianu Rodrigo Cuevas estrena&#8217;l so nuevu videoclip, \u201cCasares\u201d, como adelantre del so nuevu discu \u201cManual de romer\u00eda\u201d. Esta tema llega xunas selmanes dempu\u00e9s de \u201cM\u00e1s animal\u201d, una tema que tami\u00e9n forma parte del so pr\u00f3ximu trabayu. Fonte: La Voz del Trubia \/ Videu \/<\/p>\n","protected":false},"author":117,"featured_media":0,"comment_status":"open","ping_status":"open","sticky":false,"template":"","format":"standard","meta":{"footnotes":""},"categories":[35],"tags":[],"class_list":["post-20364","post","type-post","status-publish","format-standard","hentry","category-musica"],"_links":{"self":[{"href":"https:\/\/edublog.educastur.es\/ixuxu\/wp-json\/wp\/v2\/posts\/20364","targetHints":{"allow":["GET"]}}],"collection":[{"href":"https:\/\/edublog.educastur.es\/ixuxu\/wp-json\/wp\/v2\/posts"}],"about":[{"href":"https:\/\/edublog.educastur.es\/ixuxu\/wp-json\/wp\/v2\/types\/post"}],"author":[{"embeddable":true,"href":"https:\/\/edublog.educastur.es\/ixuxu\/wp-json\/wp\/v2\/users\/117"}],"replies":[{"embeddable":true,"href":"https:\/\/edublog.educastur.es\/ixuxu\/wp-json\/wp\/v2\/comments?post=20364"}],"version-history":[{"count":6,"href":"https:\/\/edublog.educastur.es\/ixuxu\/wp-json\/wp\/v2\/posts\/20364\/revisions"}],"predecessor-version":[{"id":20669,"href":"https:\/\/edublog.educastur.es\/ixuxu\/wp-json\/wp\/v2\/posts\/20364\/revisions\/20669"}],"wp:attachment":[{"href":"https:\/\/edublog.educastur.es\/ixuxu\/wp-json\/wp\/v2\/media?parent=20364"}],"wp:term":[{"taxonomy":"category","embeddable":true,"href":"https:\/\/edublog.educastur.es\/ixuxu\/wp-json\/wp\/v2\/categories?post=20364"},{"taxonomy":"post_tag","embeddable":true,"href":"https:\/\/edublog.educastur.es\/ixuxu\/wp-json\/wp\/v2\/tags?post=20364"}],"curies":[{"name":"wp","href":"https:\/\/api.w.org\/{rel}","templated":true}]}}