{"id":20482,"date":"2023-06-08T13:30:18","date_gmt":"2023-06-08T11:30:18","guid":{"rendered":"https:\/\/edublog.educastur.es\/ixuxu\/?p=20482"},"modified":"2023-06-08T13:30:18","modified_gmt":"2023-06-08T11:30:18","slug":"xii-alcuentru-de-pueblos-exemplares","status":"publish","type":"post","link":"https:\/\/edublog.educastur.es\/ixuxu\/2023\/06\/xii-alcuentru-de-pueblos-exemplares\/","title":{"rendered":"XII Alcuentru de Pueblos Exemplares"},"content":{"rendered":"<ul>\n<li>Fonte:<a href=\"https:\/\/www.fpa.es\/es\/?fbclid=IwAR2TfLhz2KRPcoTtAQeomsOLn4diadENdW1iuhp9LBfm-Lp8KPNSyslVTwQ\"> FPA<\/a> \/ <a href=\"https:\/\/www.facebook.com\/fpa\">Facebook<\/a> \/<a href=\"https:\/\/www.fpa.es\/recursos\/noticias2\/ampliada\/encuentro-puebloes-ejemplares-2023-1080.webp\">mapa<\/a> \/ <a href=\"https:\/\/www.fpa.es\/es\/xii-encuentro-de-pueblos-ejemplares.html?idCategoria=9&amp;especifica=1\">Noticia<\/a><\/li>\n<\/ul>\n<p style=\"text-align: center\"><a href=\"https:\/\/www.fpa.es\/recursos\/noticias2\/ampliada\/encuentro-puebloes-ejemplares-2023-1080.webp\"><img loading=\"lazy\" decoding=\"async\" class=\"aligncenter size-full\" src=\"https:\/\/www.fpa.es\/recursos\/noticias2\/ampliada\/encuentro-puebloes-ejemplares-2023-1080.webp\" width=\"1080\" height=\"465\" \/><\/a><\/p>\n<div class=\"caja-intro\"><\/div>\n<div class=\"textoficha\">\n<div class=\"related_container\">\n<h4><\/h4>\n<ul class=\"tipo1\">\n<li><a class=\"externo\" href=\"https:\/\/www.fpa.es\/es\/premio-al-pueblo-ejemplar-de-asturias\/galardonados\/\">Rellaci\u00f3n de galardonaos col Pueblu Exemplar d&#8217;Asturies\u00a0<\/a><\/li>\n<\/ul>\n<\/div>\n<\/div>\n<p>El pr\u00f3ximu s\u00e1badu, 10 de xunu, nel Parador de Corias, en Cangas, a les 11:00 hores<\/p>\n<p><!--more--><br \/>\nEl pr\u00f3ximu s\u00e1badu, 10 de xunu, va celebrase nel Parador de Corias, en Cangas, el <strong>XII Alcuentru de Pueblos Exemplares<\/strong>, entam\u00e1u pola Fundaci\u00f3n Princesa d&#8217;Asturies. La localid\u00e1 de Mual, perteneciente a esti conceyu, recibi\u00f3 en 2018 el Premiu al Pueblu Exemplar d&#8217;Asturies que concede a\u00f1almente la Fundaci\u00f3n. L&#8217;Asociaci\u00f3n Cultural y l&#8217;Asociaci\u00f3n de Muyeres de Mual van exercer como anfitriones d&#8217;esti alcuentru, al que se va tener accesu por aciu invitaci\u00f3n, y que va dar empiezu a les 11:00 hores.<\/p>\n<p>El prop\u00f3situ d&#8217;esta xornada conmemorativa ye intercambiar esperiencies y reflexones sobro cuestiones d&#8217;inter\u00e9s xeneral pa la rex\u00f3n. Al actu t\u00e1n convidaos los representantes de les asociaciones vecinales de les localidaes galardonaes a lo llargo de les trenta y tres ediciones, tolos alcaldes d&#8217;Asturies, los miembros del xur\u00e1u del Premiu al Pueblu Exemplar d&#8217;Asturies, cronistes oficiales y presidentes de los conseyos reguladores, ente otros.<\/p>\n<p>La directora de la Fundaci\u00f3n, Teresa Sanjurjo, va abrir l&#8217;actu con unes palabres de bienvenida y de sigu\u00edo va intervenir l&#8217;alcalde en funciones de Cangas, Jos\u00e9 V\u00edctor Rodr\u00edguez.<\/p>\n<p>El programa que se va desenvolver de sigu\u00edo incl\u00fai:<\/p>\n<p>Presentaci\u00f3n del proyectu \u00abMual trabayando por un futuru\u00bb, al cargu de Lorena Rodr\u00edguez, presidenta de l&#8217;Asociaci\u00f3n de Muyeres de Mual.<br \/>\nColoquio \u00abLugar d&#8217;alcuentru dinamizadores de la vida rural\u00bb. Juaco L\u00f3pez, director del Mus\u00e9u del Pueblu d&#8217;Asturies, va analizar los espacios y acciones qu&#8217;articulen la vida social y cultural nel mediu rural y que contrib\u00fain a caltener les tradiciones, conectar col paisaxe y conocer a les sos xentes.<\/p>\n<p>Van Participar tami\u00e9n nesti coloquiu: V\u00edctor Garc\u00eda, del taller El Xoril del Cunqueiru (Trab\u00e1u \/ Dega\u00f1a); Ver\u00f3nica Guti\u00e9rrez, del proxecto chigre tienda La Caleyuca (La G\u00fceria d&#8217;Urbi\u00e9s \/ Mieres); Beatriz P\u00e9rez, de la Bodega Vides (Cangas de Narcea), y Esteban Rapiegu, responsable de La Llibrer\u00eda de Pimiango (Ribedeva). Rosa Raspies, xerente axunta d&#8217;Inoxnal\u00f3n, va exercer de moderadora.<\/p>\n<p>Esti alcuentru celebr\u00f3se n&#8217;ediciones anteriores en diversos allugamientos, como San Esteban de Cu\u00f1aba, primer localid\u00e1 en ser reconocida col Premiu al Pueblu Exemplar d&#8217;Asturies; el monesteriu de Santa Mar\u00eda de Valdedi\u00f3s, con motivu del galard\u00f3n conced\u00edu a l&#8217;Asociaci\u00f3n d&#8217;Amigos del Paisaxe de Villaviciosa (1991); nel Teatru Cine Carmen de Moreda, en siendo estremaos la Socied\u00e1 Humanitarios de San Mart\u00edn, xuntu col pueblu de Moreda (2007); en Porr\u00faa, localid\u00e1 galardonada en 2005; en Castropol, Sariegu y en Ruseco \u2014capital del conceyu de Sobrescobiu\u2014, que les sos comunidaes vecinales recibieron en 1997, 2006 y 2009 el Premiu al Pueblu Exemplar d&#8217;Asturies; seg\u00fan en Torazu, Llastres, G\u00fce\u00f1u\/Bue\u00f1o y Colombres, localidaes reconoc\u00edes en 2008, 2010, 2012 y 2015, respectivamente.<\/p>\n<p>&nbsp;<\/p>\n","protected":false},"excerpt":{"rendered":"<p>Fonte: FPA \/ Facebook \/mapa \/ Noticia Rellaci\u00f3n de galardonaos col Pueblu Exemplar d&#8217;Asturies\u00a0 El pr\u00f3ximu s\u00e1badu, 10 de xunu, nel Parador de Corias, en Cangas, a les 11:00 hores<\/p>\n","protected":false},"author":117,"featured_media":0,"comment_status":"open","ping_status":"open","sticky":false,"template":"","format":"standard","meta":{"footnotes":""},"categories":[28,22],"tags":[],"class_list":["post-20482","post","type-post","status-publish","format-standard","hentry","category-premios-princesa-da","category-pueblos"],"_links":{"self":[{"href":"https:\/\/edublog.educastur.es\/ixuxu\/wp-json\/wp\/v2\/posts\/20482","targetHints":{"allow":["GET"]}}],"collection":[{"href":"https:\/\/edublog.educastur.es\/ixuxu\/wp-json\/wp\/v2\/posts"}],"about":[{"href":"https:\/\/edublog.educastur.es\/ixuxu\/wp-json\/wp\/v2\/types\/post"}],"author":[{"embeddable":true,"href":"https:\/\/edublog.educastur.es\/ixuxu\/wp-json\/wp\/v2\/users\/117"}],"replies":[{"embeddable":true,"href":"https:\/\/edublog.educastur.es\/ixuxu\/wp-json\/wp\/v2\/comments?post=20482"}],"version-history":[{"count":1,"href":"https:\/\/edublog.educastur.es\/ixuxu\/wp-json\/wp\/v2\/posts\/20482\/revisions"}],"predecessor-version":[{"id":20483,"href":"https:\/\/edublog.educastur.es\/ixuxu\/wp-json\/wp\/v2\/posts\/20482\/revisions\/20483"}],"wp:attachment":[{"href":"https:\/\/edublog.educastur.es\/ixuxu\/wp-json\/wp\/v2\/media?parent=20482"}],"wp:term":[{"taxonomy":"category","embeddable":true,"href":"https:\/\/edublog.educastur.es\/ixuxu\/wp-json\/wp\/v2\/categories?post=20482"},{"taxonomy":"post_tag","embeddable":true,"href":"https:\/\/edublog.educastur.es\/ixuxu\/wp-json\/wp\/v2\/tags?post=20482"}],"curies":[{"name":"wp","href":"https:\/\/api.w.org\/{rel}","templated":true}]}}