{"id":20487,"date":"2023-06-08T20:31:29","date_gmt":"2023-06-08T18:31:29","guid":{"rendered":"https:\/\/edublog.educastur.es\/ixuxu\/?p=20487"},"modified":"2023-06-08T20:31:29","modified_gmt":"2023-06-08T18:31:29","slug":"agarrau-de-la-maramoniz-de-mapi-quintana","status":"publish","type":"post","link":"https:\/\/edublog.educastur.es\/ixuxu\/2023\/06\/agarrau-de-la-maramoniz-de-mapi-quintana\/","title":{"rendered":"\u00abAgarr\u00e1u de la Maramoniz\u00bb, de Mapi Quintana"},"content":{"rendered":"<p style=\"text-align: center\">\n<!-- iframe plugin v.6.0 wordpress.org\/plugins\/iframe\/ -->\n<iframe loading=\"lazy\" width=\"100%\" height=\"425\" src=\"https:\/\/www.youtube.com\/embed\/Z3_I5wEb5vA\" title=\"LA MARAMONIZ - Agarr\u00e1u de La Maramoniz (Audio Oficial)\" frameborder=\"0\" allow=\"accelerometer; autoplay; clipboard-write; encrypted-media; gyroscope; picture-in-picture; web-share\" 0=\"allowfullscreen\" 1=\"\/iframe\" scrolling=\"yes\" class=\"iframe-class\"><\/iframe>\n<\/p>\n<ul>\n<li><span class=\"yt-core-attributed-string yt-core-attributed-string--white-space-pre-wrap\">\u00abAgarr\u00e1u de La Maramoniz\u00bb de La Maramoniz <span class=\"yt-core-attributed-string--link-inherit-color\"><a class=\"yt-core-attributed-string__link yt-core-attributed-string__link--display-type yt-core-attributed-string__link--call-to-action-color\" href=\"https:\/\/www.youtube.com\/redirect?event=video_description&amp;redir_token=QUFFLUhqbmF2UExYZm9SNnJHQzNfSjBCRXYyc054bWpfd3xBQ3Jtc0trSHJINlE2VUJNQWhkOEVieFVIeUltdVN5eGM4UjhOZWFGUC1YNWVnVnVHd0htYVA2M0FMVjBNMXBSNVUxQU9hem8tOEpxZ3dRWHBmWjZDekVqOFZIZEVhSnhJamlJZHU1YzdpVXRITUxFWE94RzFHdw&amp;q=https%3A%2F%2Forcd.co%2Fagarrau&amp;v=Z3_I5wEb5vA\" target=\"_blank\" rel=\"nofollow noopener\">https:\/\/orcd.co\/agarrau<\/a><\/span> <\/span><\/li>\n<li><span class=\"yt-core-attributed-string yt-core-attributed-string--white-space-pre-wrap\">? La Maramoniz somos Mapi Quintana, C\u00e9sar Latorre, Juanjo D\u00edaz y Sonia Cart\u00f3n <\/span><\/li>\n<\/ul>\n<p><!--more--><\/p>\n<ul>\n<li><span class=\"yt-core-attributed-string yt-core-attributed-string--white-space-pre-wrap\">? M\u00daSICA ASTURIANA en Spotify: <span class=\"yt-core-attributed-string--link-inherit-color\"><a class=\"yt-core-attributed-string__link yt-core-attributed-string__link--display-type yt-core-attributed-string__link--call-to-action-color\" href=\"https:\/\/www.youtube.com\/redirect?event=video_description&amp;redir_token=QUFFLUhqbUs4V1I1Y1pRUllwd1B5SkJWdC1Uei1ucXRfUXxBQ3Jtc0tuNEhMUnRoNy1TdTZrc2FieGM2WHlCNlhNMWpkYTZHVVlWajRXTXlfTVNUV21NcHp1Qmh0WjJuUUpfUFFSU3hPTW1rUmR0djJUaUoxMkozMGw5RjJJZXE4M0lqc09OZU9vaTFJSU4tZFJZbE9uVkNwZw&amp;q=http%3A%2F%2Fbit.ly%2FPlaylistsMusicaAsturiana&amp;v=Z3_I5wEb5vA\" target=\"_blank\" rel=\"nofollow noopener\">http:\/\/bit.ly\/PlaylistsMusicaAsturiana<\/a><\/span> <\/span><\/li>\n<\/ul>\n<p>Am\u00e1s de la calid\u00e1 de la m\u00fasica, estos dos trabayos destaquen porque\u00a0<strong>entren pelos g\u00fceyos<\/strong>.\u00a0<em>M\u00fasica pa tornar p\u00e1xaros\u00a0<\/em>tien un\u00a0<strong>formatu \u00fanicu y orixinal, <\/strong>con un CD que va dientro\u00a0d\u2019una<strong>\u00a0caxa de cart\u00f3n artesanal<\/strong>, que tien dellos elementos decorativos y qu\u2019incl\u00fai una\u00a0<strong>postal\u00a0<\/strong>por cada cantar, fecha con munchu procuru pola dise\u00f1adora gr\u00e1fica d\u2019esti proyectu, l\u2019artista catalana\u00a0<strong>Marina Durany<\/strong>. Ye una\u00a0<strong>pieza de coleccionista<\/strong>\u00a0qu\u2019engalana tol conceptu d\u2019esta obra tan destacada. Per otru llau,\u00a0<em>La Maramoniz\u00a0<\/em>tami\u00e9n asoleya nun formatu cart\u00f3n<strong>\u00a0ensin usu de pl\u00e1sticu<\/strong>\u00a0-por aquello de la sostenibilid\u00e1-, con un llibretu en formatu p\u00f3ster. L\u2019autora de tola gr\u00e1fica d\u2019esti otru discu ye\u00a0<strong>Leticia Baselgas<\/strong>, ilustradora y dise\u00f1adora am\u00e1s de cantante y panderetera en L-R y Calea.<\/p>\n<p style=\"text-align: center\"><a href=\"https:\/\/ci4.googleusercontent.com\/proxy\/oZe0DEpcUe2Wh04d_joF02RI-7abZXJMl-6zbYazMicM8KzkxkVBKndSu5bFvcbXyEfFBXnkqTuqb9iHKAE_ZASzDMIvOndU4SiYaVLDyA3MutmLFCg47ufHdIqAhZwXBy-e_iHmPEhgkLcOh2ox7-OT23IFog=s0-d-e1-ft#https:\/\/mcusercontent.com\/791d2060f4a841312eb38b6d3\/images\/4612ba6e-073d-0333-e562-7134c34c10dc.jpg\"><img loading=\"lazy\" decoding=\"async\" class=\"aligncenter size-full\" src=\"https:\/\/ci4.googleusercontent.com\/proxy\/oZe0DEpcUe2Wh04d_joF02RI-7abZXJMl-6zbYazMicM8KzkxkVBKndSu5bFvcbXyEfFBXnkqTuqb9iHKAE_ZASzDMIvOndU4SiYaVLDyA3MutmLFCg47ufHdIqAhZwXBy-e_iHmPEhgkLcOh2ox7-OT23IFog=s0-d-e1-ft#https:\/\/mcusercontent.com\/791d2060f4a841312eb38b6d3\/images\/4612ba6e-073d-0333-e562-7134c34c10dc.jpg\" width=\"1200\" height=\"600\" \/><\/a><\/p>\n<table class=\"m_4803856734147929201mcnTextContentContainer\" border=\"0\" width=\"100%\" cellspacing=\"0\" cellpadding=\"0\" align=\"left\">\n<tbody>\n<tr>\n<td class=\"m_4803856734147929201mcnTextContent\" valign=\"top\">A la fin, son unos proyectos\u00a0<strong>mui ambiciosos\u00a0y orixinales<\/strong>\u00a0los que trai esta artista que ye \u00fan de los nomes m\u00e1s destacaos de la<strong>\u00a0escena jazz y folk\u00a0<\/strong>asturiana. Nacida nel conceyu L.lena y con estudios universitarios musicales cursaos nel Conservatoriu d\u2019\u00c1msterdam, lleva 25 a\u00f1os formando parte de proyectos rellacionaos col jazz, cola m\u00fasica tradicional asturiana y cola improvisaci\u00f3n. En 2009 asoley\u00f3\u2019l so primer discu en solitariu,\u00a0<em><strong>El Sonar de les Semeyes<\/strong><\/em>, que supunxo toa una noved\u00e1 dientro del jazz y la m\u00fasica de raiga\u00f1u. Am\u00e1s d\u2019\u00e9sti, tien otros ocho trabayos publicaos tanto participando xunto a formaciones como<strong>\u00a0Blima, Aire o Eladio D\u00edaz Folk Ensemble<\/strong>, como a d\u00fau col y\u00e1 fin\u00e1u m\u00fasicu folk\u00a0<strong>El\u00edas Garc\u00eda\u00a0<\/strong>(<em>Severina<\/em>); y a tr\u00edu con\u00a0<strong>Michael Lee Wolfe<\/strong>\u00a0y\u00a0<strong>Jacobo de Miguel<\/strong>\u00a0(<em>Xota pa Tres<\/em>). Con estos dos \u00e1lbumes nuevos, Mapi Quintana da un pasu firme nel so cam\u00edn.<\/td>\n<\/tr>\n<\/tbody>\n<\/table>\n","protected":false},"excerpt":{"rendered":"<p>\u00abAgarr\u00e1u de La Maramoniz\u00bb de La Maramoniz https:\/\/orcd.co\/agarrau ? La Maramoniz somos Mapi Quintana, C\u00e9sar Latorre, Juanjo D\u00edaz y Sonia Cart\u00f3n<\/p>\n","protected":false},"author":117,"featured_media":0,"comment_status":"open","ping_status":"open","sticky":false,"template":"","format":"standard","meta":{"footnotes":""},"categories":[35],"tags":[],"class_list":["post-20487","post","type-post","status-publish","format-standard","hentry","category-musica"],"_links":{"self":[{"href":"https:\/\/edublog.educastur.es\/ixuxu\/wp-json\/wp\/v2\/posts\/20487","targetHints":{"allow":["GET"]}}],"collection":[{"href":"https:\/\/edublog.educastur.es\/ixuxu\/wp-json\/wp\/v2\/posts"}],"about":[{"href":"https:\/\/edublog.educastur.es\/ixuxu\/wp-json\/wp\/v2\/types\/post"}],"author":[{"embeddable":true,"href":"https:\/\/edublog.educastur.es\/ixuxu\/wp-json\/wp\/v2\/users\/117"}],"replies":[{"embeddable":true,"href":"https:\/\/edublog.educastur.es\/ixuxu\/wp-json\/wp\/v2\/comments?post=20487"}],"version-history":[{"count":1,"href":"https:\/\/edublog.educastur.es\/ixuxu\/wp-json\/wp\/v2\/posts\/20487\/revisions"}],"predecessor-version":[{"id":20490,"href":"https:\/\/edublog.educastur.es\/ixuxu\/wp-json\/wp\/v2\/posts\/20487\/revisions\/20490"}],"wp:attachment":[{"href":"https:\/\/edublog.educastur.es\/ixuxu\/wp-json\/wp\/v2\/media?parent=20487"}],"wp:term":[{"taxonomy":"category","embeddable":true,"href":"https:\/\/edublog.educastur.es\/ixuxu\/wp-json\/wp\/v2\/categories?post=20487"},{"taxonomy":"post_tag","embeddable":true,"href":"https:\/\/edublog.educastur.es\/ixuxu\/wp-json\/wp\/v2\/tags?post=20487"}],"curies":[{"name":"wp","href":"https:\/\/api.w.org\/{rel}","templated":true}]}}