{"id":20488,"date":"2023-06-08T20:28:23","date_gmt":"2023-06-08T18:28:23","guid":{"rendered":"https:\/\/edublog.educastur.es\/ixuxu\/?p=20488"},"modified":"2023-06-08T21:06:42","modified_gmt":"2023-06-08T19:06:42","slug":"la-carta-de-mapi-quintana-musica-pa-tornar-paxaros-2023","status":"publish","type":"post","link":"https:\/\/edublog.educastur.es\/ixuxu\/2023\/06\/la-carta-de-mapi-quintana-musica-pa-tornar-paxaros-2023\/","title":{"rendered":"La Carta\u00bb de Mapi Quintana &#8216;M\u00fasica Pa Tornar P\u00e1xaros&#8217; (2023)."},"content":{"rendered":"<p style=\"text-align: center\">\n<!-- iframe plugin v.6.0 wordpress.org\/plugins\/iframe\/ -->\n<iframe loading=\"lazy\" width=\"100%\" height=\"395\" src=\"https:\/\/www.youtube.com\/embed\/Ei5do8S230w\" title=\"MAPI QUINTANA - La Carta - (Videu Oficial)\" frameborder=\"0\" allow=\"accelerometer; autoplay; clipboard-write; encrypted-media; gyroscope; picture-in-picture; web-share\" 0=\"allowfullscreen\" 1=\"\/iframe\" scrolling=\"yes\" class=\"iframe-class\"><\/iframe>\n<\/p>\n<p><span class=\"yt-core-attributed-string yt-core-attributed-string--white-space-pre-wrap\">La Carta\u00bb del discu de Mapi Quintana &#8216;M\u00fasica Pa Tornar P\u00e1xaros&#8217; (2023). <\/span><\/p>\n<p><!--more--><\/p>\n<blockquote><p><span class=\"yt-core-attributed-string yt-core-attributed-string--white-space-pre-wrap\">Asina fala l&#8217;artista d&#8217;esti cantar: <em>\u00abYera l&#8217; a\u00f1u 38. Nun s\u00e9 si yera febreru o marzu cuando metieron a Luis \u00c1lvarez Tu\u00f1\u00f3n, el mi bisg\u00fcelu, na c\u00e1rcel d&#8217;Uvi\u00e9u acus\u00e1u falsamente de roba-yos los zapatos a unos prisioneros de los que taba al cargu. Dempu\u00e9s d&#8217; un xuiciu completamente irregular, como tolos que se llevaben a cabu polos franquistes, fue conden\u00e1u a muerte. L&#8217;once de mayu del 38 fue fusil\u00e1u y tir\u00e1u na fosa com\u00fan d&#8217; Uvi\u00e9u. Colos a\u00f1os supimos que y-hab\u00eden conced\u00edo l&#8217; indultu, pero dalguien retuvo esa carta col documentu en Campumanes y nun lleg\u00f3 a tiempu pa evitar la execuci\u00f3n. Nun lleg\u00f3 la carta que funde barrotes. Nun lleg\u00f3 la carta que para las balas\u00bb.<\/em><\/span><\/p><\/blockquote>\n<p><span class=\"yt-core-attributed-string yt-core-attributed-string--white-space-pre-wrap\"> LA CARTA Lletra: \u00c1lvaro Pantoja y Mapi Quintana.<br \/>\n<\/span><span class=\"yt-core-attributed-string yt-core-attributed-string--white-space-pre-wrap\">M\u00fasica: Mapi Quintana.<br \/>\nAsesoramientu lling\u00fc\u00edsticu: Fernando Balbuena <\/span><\/p>\n<p><span class=\"x193iq5w xeuugli x13faqbe x1vvkbs x1xmvt09 x1lliihq x1s928wv xhkezso x1gmr53x x1cpjm7i x1fgarty x1943h6x xudqn12 x3x7a5m x1f6kntn xvq8zen xo1l8bm xzsf02u x1yc453h\" dir=\"auto\">\u00abM\u00fasica pa tornar p\u00e1xaros\u00bb, l&#8217; encargu que me fizo el Principau d&#8217;Asturies pa inaugurar la programaci\u00f3n d&#8217;Asturies nel Festival Interc\u00e9lticu de Lorient.<\/span><\/p>\n<blockquote><p>&nbsp;<\/p>\n<p><em>La tierra ta fr\u00edo, mu\u00e9yame la cara y llega la muerte en cada palada. Recuerda esti d\u00eda, fiyina del alma: que la nuestra memoria nun sea olvidada. All\u00e1 en Campumanes qued\u00f3 una carta que funde barrotes y para las balas. All\u00e1 en Campumanes, all\u00e1 en Campumanes. Esta madrugada del once de mayo avienta\u2019l mio nome montada a caballo. \u00a1Dicen que me matan, dicen que me matan! Dicen que me matan por querer roba-yos a los prisioneros los negros zapatos. Cuando a l&#8217;alborada me tean disparando, voi dicir a voces co&#8217;l pu\u00f1u bien altu, que te quiero muncho, mio futuro alao. Yo voi pa la tierra, t\u00fa pa&#8217;l aire claro. Nun lleg\u00f3 la carta que funde barrotes. Nun lleg\u00f3 la carta que para las balas.<\/em><\/p><\/blockquote>\n<h3>Mapi Quintana presenta n\u2019Asturies <em>M\u00fasica pa tornar p\u00e1xaros<\/em><\/h3>\n<p>Esta obra musical incluye un repertoriu compuestu a costafecha pal conciertu inaugural del Festival Interc\u00e9lticu de Lorient, onde Asturies foi la convidada d\u2019honor, seg\u00fan esplic\u00f3 esta ma\u00f1ana\u2019l director xeneral de Pol\u00edtica Lling\u00fc\u00edstica del Princip\u00e1u, Ant\u00f3n Garc\u00eda, xunto a Mapi Quintana.<\/p>\n<p>Los m\u00e1s de los temes t\u00e1n escritos n\u2019asturianu y incl\u00fayese un cantar en castellanu de Cris Zagaleja, autora y panderetera vallisoletana. El repertoriu conti\u00e9n principalmente m\u00fasica orixinal, anque tami\u00e9n hai cantares tradicionales de \u1e36\u1e37ena, conceyu de la propia Mapi Quintana.<\/p>\n<p>Van sentise melod\u00edes asturianes a tr\u00e9s voces, onde l\u2019harmon\u00eda va llevar al p\u00fablicu a d\u00f3mines m\u00e1s modernes y est\u00e9tiques, inspiraes principalmente na m\u00fasica impresionista y el jazz. Tami\u00e9n va haber espaciu pa la improvisaci\u00f3n, tanto solista como en grupu.<\/p>\n<p>Mapi Quintana va tar acompa\u00f1ada nel escenariu por C\u00e9sar Latorre (pianu), Sonia Cart\u00f3n (voz y sintetizador), Mar\u00eda Sanmiguel (voz y viol\u00edn), Thomas Welvaadt (trompeta) y Juanjo D\u00edaz (percusi\u00f3n). L\u2019arte visual de Marina Durany tami\u00e9n va tener una relevancia especial nesti conciertu, completando est\u00e9ticamente la escena y representando visualmente les emociones que tresmiten los cantares de <em>M\u00fasica pa tornar p\u00e1xaros<\/em>. L\u2019espect\u00e1culu rinde homenaxe al artista desapaec\u00edu El\u00edas Garc\u00eda y a toles persones que nos dexaron nestos \u00faltimos a\u00f1os de pandemia.<\/p>\n<p>&nbsp;<\/p>\n","protected":false},"excerpt":{"rendered":"<p>La Carta\u00bb del discu de Mapi Quintana &#8216;M\u00fasica Pa Tornar P\u00e1xaros&#8217; (2023).<\/p>\n","protected":false},"author":117,"featured_media":0,"comment_status":"open","ping_status":"open","sticky":false,"template":"","format":"standard","meta":{"footnotes":""},"categories":[35],"tags":[],"class_list":["post-20488","post","type-post","status-publish","format-standard","hentry","category-musica"],"_links":{"self":[{"href":"https:\/\/edublog.educastur.es\/ixuxu\/wp-json\/wp\/v2\/posts\/20488","targetHints":{"allow":["GET"]}}],"collection":[{"href":"https:\/\/edublog.educastur.es\/ixuxu\/wp-json\/wp\/v2\/posts"}],"about":[{"href":"https:\/\/edublog.educastur.es\/ixuxu\/wp-json\/wp\/v2\/types\/post"}],"author":[{"embeddable":true,"href":"https:\/\/edublog.educastur.es\/ixuxu\/wp-json\/wp\/v2\/users\/117"}],"replies":[{"embeddable":true,"href":"https:\/\/edublog.educastur.es\/ixuxu\/wp-json\/wp\/v2\/comments?post=20488"}],"version-history":[{"count":3,"href":"https:\/\/edublog.educastur.es\/ixuxu\/wp-json\/wp\/v2\/posts\/20488\/revisions"}],"predecessor-version":[{"id":20492,"href":"https:\/\/edublog.educastur.es\/ixuxu\/wp-json\/wp\/v2\/posts\/20488\/revisions\/20492"}],"wp:attachment":[{"href":"https:\/\/edublog.educastur.es\/ixuxu\/wp-json\/wp\/v2\/media?parent=20488"}],"wp:term":[{"taxonomy":"category","embeddable":true,"href":"https:\/\/edublog.educastur.es\/ixuxu\/wp-json\/wp\/v2\/categories?post=20488"},{"taxonomy":"post_tag","embeddable":true,"href":"https:\/\/edublog.educastur.es\/ixuxu\/wp-json\/wp\/v2\/tags?post=20488"}],"curies":[{"name":"wp","href":"https:\/\/api.w.org\/{rel}","templated":true}]}}