{"id":20500,"date":"2023-06-08T21:26:05","date_gmt":"2023-06-08T19:26:05","guid":{"rendered":"https:\/\/edublog.educastur.es\/ixuxu\/?p=20500"},"modified":"2023-06-09T10:04:11","modified_gmt":"2023-06-09T08:04:11","slug":"derechos-lgbt-neuropa-espana-avanza-seis-puestos","status":"publish","type":"post","link":"https:\/\/edublog.educastur.es\/ixuxu\/2023\/06\/derechos-lgbt-neuropa-espana-avanza-seis-puestos\/","title":{"rendered":"Derechos LGBT n&#8217;Europa: Espa\u00f1a avanza seis puestos"},"content":{"rendered":"<p><span style=\"color: #008080\"><strong>Derechos LGBT n&#8217;Europa<\/strong><\/span>: el mapa qu&#8217;amuesa la situaci\u00f3n de cada pa\u00eds, les meyores en derechos LGTBI+ n&#8217;Europa esti 2023. L&#8217;\u00edndiz <a href=\"https:\/\/www.ilga-europe.org\/report\/rainbow-europe-2023\/\"><strong>ILGA-Europe Rainbow Map<\/strong><\/a> indica cada a\u00f1u cual ye la situaci\u00f3n de los derechos del colectivu LGBTIQ+ nel continente. Angua\u00f1o, Espa\u00f1a ta de norabona.<\/p>\n<p style=\"text-align: center\"><a href=\"https:\/\/ci4.googleusercontent.com\/proxy\/3IugVk2nsR8qbev4rA30gUKy9RVHnGwbZ3lX6DDPFGGB6F4pbzBmnYr6frsGoXJFHK76Dk6Jqawr8v5U5RAGsPJGCT9UHNWeJrve64ERHYP5wrxgBQ_OfKU7rN2HTS2rej_yeXUOk7KqAbmh=s0-d-e1-ft#https:\/\/media.traveler.es\/photos\/646e25007e4670d3b37c5e1e\/master\/w_800\/ILGA%20Rainbow.png\"><img loading=\"lazy\" decoding=\"async\" class=\"aligncenter size-full\" src=\"https:\/\/ci4.googleusercontent.com\/proxy\/3IugVk2nsR8qbev4rA30gUKy9RVHnGwbZ3lX6DDPFGGB6F4pbzBmnYr6frsGoXJFHK76Dk6Jqawr8v5U5RAGsPJGCT9UHNWeJrve64ERHYP5wrxgBQ_OfKU7rN2HTS2rej_yeXUOk7KqAbmh=s0-d-e1-ft#https:\/\/media.traveler.es\/photos\/646e25007e4670d3b37c5e1e\/master\/w_800\/ILGA%20Rainbow.png\" width=\"800\" height=\"500\" \/><\/a><\/p>\n<ul>\n<li><a href=\"https:\/\/www.traveler.es\/articulos\/mapa-derechos-lgtbi-europa-2023?uID=e9454d3bbbff308031f95c155e58d8d97c7cb8ef8deffd55a9cd08e186d7f807&amp;utm_source=newsletter&amp;utm_campaign=newsletter_editorial&amp;utm_brand=cnt&amp;utm_mailing=CNT_NEWS_EDITORIAL_080623&amp;utm_medium=email&amp;utm_term=TRAVELER_EDITORIAL\">Fonte: Traveler<\/a> \/ <a id=\"wp-block-file--media-05ae47e1-ea29-43da-9ea7-76a7cb43d595\" href=\"https:\/\/www.ilga-europe.org\/files\/uploads\/2023\/05\/rainbow-map-2023.pdf\">Rainbow Map 23<\/a><a class=\"wp-block-file__button wp-element-button\" href=\"https:\/\/www.ilga-europe.org\/files\/uploads\/2023\/05\/rainbow-map-2023.pdf\" aria-describedby=\"wp-block-file--media-05ae47e1-ea29-43da-9ea7-76a7cb43d595\" data-current-color=\"green\">Download <\/a>\/<a id=\"wp-block-file--media-2261b4b3-c2fc-4be6-bd37-8031ed7c1ed3\" href=\"https:\/\/www.ilga-europe.org\/files\/uploads\/2023\/05\/rainbow-index-2023.pdf\">R Index 23<\/a><a class=\"wp-block-file__button wp-element-button\" href=\"https:\/\/www.ilga-europe.org\/files\/uploads\/2023\/05\/rainbow-index-2023.pdf\" aria-describedby=\"wp-block-file--media-2261b4b3-c2fc-4be6-bd37-8031ed7c1ed3\" data-current-color=\"lightblue\">Download<\/a><\/li>\n<\/ul>\n<p><!--more--><\/p>\n<p style=\"text-align: center\"><a href=\"https:\/\/www.ilga-europe.org\/files\/uploads\/2023\/05\/rainbow-map-2023-1-1536x1115.png\"><img loading=\"lazy\" decoding=\"async\" class=\"aligncenter size-full\" src=\"https:\/\/www.ilga-europe.org\/files\/uploads\/2023\/05\/rainbow-map-2023-1-1536x1115.png\" width=\"1536\" height=\"1115\" \/><\/a><\/p>\n","protected":false},"excerpt":{"rendered":"<p>Derechos LGBT n&#8217;Europa: el mapa qu&#8217;amuesa la situaci\u00f3n de cada pa\u00eds, les meyores en derechos LGTBI+ n&#8217;Europa esti 2023. L&#8217;\u00edndiz ILGA-Europe Rainbow Map indica cada a\u00f1u cual ye la situaci\u00f3n de los derechos del colectivu LGBTIQ+ nel continente. Angua\u00f1o, Espa\u00f1a ta de norabona. Fonte: Traveler \/ Rainbow Map 23Download \/R Index 23Download<\/p>\n","protected":false},"author":117,"featured_media":0,"comment_status":"open","ping_status":"open","sticky":false,"template":"","format":"standard","meta":{"footnotes":""},"categories":[301],"tags":[],"class_list":["post-20500","post","type-post","status-publish","format-standard","hentry","category-lgbtiq"],"_links":{"self":[{"href":"https:\/\/edublog.educastur.es\/ixuxu\/wp-json\/wp\/v2\/posts\/20500","targetHints":{"allow":["GET"]}}],"collection":[{"href":"https:\/\/edublog.educastur.es\/ixuxu\/wp-json\/wp\/v2\/posts"}],"about":[{"href":"https:\/\/edublog.educastur.es\/ixuxu\/wp-json\/wp\/v2\/types\/post"}],"author":[{"embeddable":true,"href":"https:\/\/edublog.educastur.es\/ixuxu\/wp-json\/wp\/v2\/users\/117"}],"replies":[{"embeddable":true,"href":"https:\/\/edublog.educastur.es\/ixuxu\/wp-json\/wp\/v2\/comments?post=20500"}],"version-history":[{"count":4,"href":"https:\/\/edublog.educastur.es\/ixuxu\/wp-json\/wp\/v2\/posts\/20500\/revisions"}],"predecessor-version":[{"id":20520,"href":"https:\/\/edublog.educastur.es\/ixuxu\/wp-json\/wp\/v2\/posts\/20500\/revisions\/20520"}],"wp:attachment":[{"href":"https:\/\/edublog.educastur.es\/ixuxu\/wp-json\/wp\/v2\/media?parent=20500"}],"wp:term":[{"taxonomy":"category","embeddable":true,"href":"https:\/\/edublog.educastur.es\/ixuxu\/wp-json\/wp\/v2\/categories?post=20500"},{"taxonomy":"post_tag","embeddable":true,"href":"https:\/\/edublog.educastur.es\/ixuxu\/wp-json\/wp\/v2\/tags?post=20500"}],"curies":[{"name":"wp","href":"https:\/\/api.w.org\/{rel}","templated":true}]}}