{"id":20541,"date":"2023-06-08T20:00:01","date_gmt":"2023-06-08T18:00:01","guid":{"rendered":"https:\/\/edublog.educastur.es\/ixuxu\/?p=20541"},"modified":"2023-06-11T11:40:21","modified_gmt":"2023-06-11T09:40:21","slug":"slum-suit-nos-alcuentros-de-musiques-asturianes","status":"publish","type":"post","link":"https:\/\/edublog.educastur.es\/ixuxu\/2023\/06\/slum-suit-nos-alcuentros-de-musiques-asturianes\/","title":{"rendered":"Slum Suit nos Alcuentros de M\u00fasiques asturianes"},"content":{"rendered":"<div class=\"x78zum5 xqtp20y x1emribx\">\n<div class=\"xc9qbxq x1td3qas x6s0dn4 x78zum5 xl56j7k\" style=\"text-align: center\">\n<!-- iframe plugin v.6.0 wordpress.org\/plugins\/iframe\/ -->\n<iframe loading=\"lazy\" src=\"https:\/\/www.facebook.com\/plugins\/post.php?href=https%3A%2F%2Fwww.facebook.com%2Fphoto.php%3Ffbid%3D732682695321493%26set%3Da.732688425320920%26type%3D3&#038;show_text=false&#038;width=500\" width=\"500\" height=\"651\" style=\"border:none;overflow:hidden\" scrolling=\"no\" frameborder=\"0\" allowfullscreen=\"true\" allow=\"autoplay; clipboard-write; encrypted-media; picture-in-picture; web-share\" 0=\"\/iframe\" class=\"iframe-class\"><\/iframe>\n<\/div>\n<\/div>\n<div class=\"x78zum5 xdt5ytf xz62fqu x16ldp7u\">\n<div class=\"xu06os2 x1ok221b\">\n<ul>\n<li class=\"x1heor9g x1qlqyl8 x1pd3egz x1a2a7pz x1gslohp x1yc453h\"><span class=\"x193iq5w xeuugli x13faqbe x1vvkbs x1xmvt09 x1f6kntn xvq8zen xo1l8bm xi81zsa\"><strong><a class=\"x1i10hfl xjbqb8w x6umtig x1b1mbwd xaqea5y xav7gou x9f619 x1ypdohk xt0psk2 xe8uvvx xdj266r x11i5rnm xat24cr x1mh8g0r xexx8yu x4uap5 x18d9i69 xkhd6sd x16tdsg8 x1hl2dhg xggy1nq x1a2a7pz xt0b8zv xzsf02u x1s688f\" role=\"link\" href=\"https:\/\/www.facebook.com\/tallerdemusicosgijon?__cft__[0]=AZVvtvryrgrHuNg4dMWcPDiMrWqtKr3Pglq4djJZYAOu42-nyUP6iglndY2pyNtU-iOoXOnEhqQDqw4KLoAiQGsXO1VywKdG_Zt8MjYhwZd5A0n0uSmN9HjdNi7LS--ZfHfbH7WWyYaI_w0ggnHXmWjHnscWZjif7QLt8QrBWYU0r3G0maajViPrDKWXeUjpla7kTcQSoYZd2UVD_6Kss8X2&amp;__tn__=-]C%2CP-y-R\"><span class=\"xt0psk2\">Taller de M\u00fasicos de Gij\u00f3n-Xix\u00f3n<\/span><\/a><\/strong> \/ <\/span><\/li>\n<li class=\"x1heor9g x1qlqyl8 x1pd3egz x1a2a7pz x1gslohp x1yc453h\"><span class=\"x193iq5w xeuugli x13faqbe x1vvkbs x1xmvt09 x1f6kntn xvq8zen xo1l8bm xi81zsa\"><strong><a class=\"x1i10hfl xjbqb8w x6umtig x1b1mbwd xaqea5y xav7gou x9f619 x1ypdohk xt0psk2 xe8uvvx xdj266r x11i5rnm xat24cr x1mh8g0r xexx8yu x4uap5 x18d9i69 xkhd6sd x16tdsg8 x1hl2dhg xggy1nq x1a2a7pz xt0b8zv xzsf02u x1s688f\" role=\"link\" href=\"https:\/\/www.facebook.com\/media\/set\/?vanity=tallerdemusicosgijon&amp;set=a.732688425320920&amp;__cft__[0]=AZVvtvryrgrHuNg4dMWcPDiMrWqtKr3Pglq4djJZYAOu42-nyUP6iglndY2pyNtU-iOoXOnEhqQDqw4KLoAiQGsXO1VywKdG_Zt8MjYhwZd5A0n0uSmN9HjdNi7LS--ZfHfbH7WWyYaI_w0ggnHXmWjHnscWZjif7QLt8QrBWYU0r3G0maajViPrDKWXeUjpla7kTcQSoYZd2UVD_6Kss8X2&amp;__tn__=-UC%2CP-y-R\">SLUM SUIT &#8211; Alcuentros de M\u00fasiques Asturianes (08-06-2023)<\/a><\/strong> <\/span><\/li>\n<li class=\"x1heor9g x1qlqyl8 x1pd3egz x1a2a7pz x1gslohp x1yc453h\"><span class=\"x193iq5w xeuugli x13faqbe x1vvkbs x1xmvt09 x1f6kntn xvq8zen xo1l8bm xi81zsa\">\u00a0<strong><a class=\"x1i10hfl xjbqb8w x6umtig x1b1mbwd xaqea5y xav7gou x9f619 x1ypdohk xt0psk2 xe8uvvx xdj266r x11i5rnm xat24cr x1mh8g0r xexx8yu x4uap5 x18d9i69 xkhd6sd x16tdsg8 x1hl2dhg xggy1nq x1a2a7pz xt0b8zv xzsf02u x1s688f\" role=\"link\" href=\"https:\/\/www.facebook.com\/ofillin?__cft__[0]=AZVvtvryrgrHuNg4dMWcPDiMrWqtKr3Pglq4djJZYAOu42-nyUP6iglndY2pyNtU-iOoXOnEhqQDqw4KLoAiQGsXO1VywKdG_Zt8MjYhwZd5A0n0uSmN9HjdNi7LS--ZfHfbH7WWyYaI_w0ggnHXmWjHnscWZjif7QLt8QrBWYU0r3G0maajViPrDKWXeUjpla7kTcQSoYZd2UVD_6Kss8X2&amp;__tn__=-]C%2CP-y-R\"><span class=\"xt0psk2\">Oficina de Normalizaci\u00f3n Lling\u00fc\u00edstica de Xix\u00f3n<\/span><\/a><\/strong> y <\/span><\/li>\n<li class=\"x1i10hfl xjbqb8w x6umtig x1b1mbwd xaqea5y xav7gou x9f619 x1ypdohk xt0psk2 xe8uvvx xdj266r x11i5rnm xat24cr x1mh8g0r xexx8yu x4uap5 x18d9i69 xkhd6sd x16tdsg8 x1hl2dhg xggy1nq x1a2a7pz xt0b8zv xzsf02u x1s688f\" role=\"button\"><span class=\"x4k7w5x x1h91t0o x1h9r5lt xv2umb2 x1beo9mf xaigb6o x12ejxvf x3igimt xarpa2k xedcshv x1lytzrv x1t2pt76 x7ja8zs x1qrby5j x3nfvp2\"><span class=\"xzsf02u x1ypdohk x1s688f\">Semeyes de: <\/span><\/span>Pablo Roces Albal\u00e1<\/li>\n<\/ul>\n<ul>\n<li>Slum Suit: <a href=\"https:\/\/www.youtube.com\/channel\/UCly_JtUB-6FvzZEfs5YMR0g\">Youtube<\/a> \/ <a href=\"https:\/\/open.spotify.com\/artist\/1t7YzwSMxMHCg2700m0RqU?autoplay=true\">Spotify<\/a> \/ <a href=\"https:\/\/www.facebook.com\/slumsuit\/\">Facebook<\/a><\/li>\n<li><a href=\"https:\/\/youtu.be\/UKuF_X7KSz4\"><em>Debaxo la to ventana<\/em><\/a><\/li>\n<\/ul>\n<p style=\"text-align: center\">\n<!-- iframe plugin v.6.0 wordpress.org\/plugins\/iframe\/ -->\n<iframe loading=\"lazy\" width=\"100%\" height=\"395\" src=\"https:\/\/www.youtube.com\/embed\/UKuF_X7KSz4\" title=\"SLUM SUIT - Debaxo la to ventana (Videoclip Oficial)\" frameborder=\"0\" allow=\"accelerometer; autoplay; clipboard-write; encrypted-media; gyroscope; picture-in-picture; web-share\" 0=\"allowfullscreen\" 1=\"\/iframe\" scrolling=\"yes\" class=\"iframe-class\"><\/iframe>\n<\/p>\n<\/div>\n<\/div>\n","protected":false},"excerpt":{"rendered":"<p>Taller de M\u00fasicos de Gij\u00f3n-Xix\u00f3n \/ SLUM SUIT &#8211; Alcuentros de M\u00fasiques Asturianes (08-06-2023) \u00a0Oficina de Normalizaci\u00f3n Lling\u00fc\u00edstica de Xix\u00f3n y Semeyes de: Pablo Roces Albal\u00e1 Slum Suit: Youtube \/ Spotify \/ Facebook Debaxo la to ventana<\/p>\n","protected":false},"author":117,"featured_media":0,"comment_status":"open","ping_status":"open","sticky":false,"template":"","format":"standard","meta":{"footnotes":""},"categories":[35],"tags":[],"class_list":["post-20541","post","type-post","status-publish","format-standard","hentry","category-musica"],"_links":{"self":[{"href":"https:\/\/edublog.educastur.es\/ixuxu\/wp-json\/wp\/v2\/posts\/20541","targetHints":{"allow":["GET"]}}],"collection":[{"href":"https:\/\/edublog.educastur.es\/ixuxu\/wp-json\/wp\/v2\/posts"}],"about":[{"href":"https:\/\/edublog.educastur.es\/ixuxu\/wp-json\/wp\/v2\/types\/post"}],"author":[{"embeddable":true,"href":"https:\/\/edublog.educastur.es\/ixuxu\/wp-json\/wp\/v2\/users\/117"}],"replies":[{"embeddable":true,"href":"https:\/\/edublog.educastur.es\/ixuxu\/wp-json\/wp\/v2\/comments?post=20541"}],"version-history":[{"count":2,"href":"https:\/\/edublog.educastur.es\/ixuxu\/wp-json\/wp\/v2\/posts\/20541\/revisions"}],"predecessor-version":[{"id":20543,"href":"https:\/\/edublog.educastur.es\/ixuxu\/wp-json\/wp\/v2\/posts\/20541\/revisions\/20543"}],"wp:attachment":[{"href":"https:\/\/edublog.educastur.es\/ixuxu\/wp-json\/wp\/v2\/media?parent=20541"}],"wp:term":[{"taxonomy":"category","embeddable":true,"href":"https:\/\/edublog.educastur.es\/ixuxu\/wp-json\/wp\/v2\/categories?post=20541"},{"taxonomy":"post_tag","embeddable":true,"href":"https:\/\/edublog.educastur.es\/ixuxu\/wp-json\/wp\/v2\/tags?post=20541"}],"curies":[{"name":"wp","href":"https:\/\/api.w.org\/{rel}","templated":true}]}}