{"id":20604,"date":"2023-06-12T10:12:00","date_gmt":"2023-06-12T08:12:00","guid":{"rendered":"https:\/\/edublog.educastur.es\/ixuxu\/?p=20604"},"modified":"2023-06-12T10:12:00","modified_gmt":"2023-06-12T08:12:00","slug":"sidra-dasturies-del-anu-2023","status":"publish","type":"post","link":"https:\/\/edublog.educastur.es\/ixuxu\/2023\/06\/sidra-dasturies-del-anu-2023\/","title":{"rendered":"Sidra d&#8217;Asturies del a\u00f1u 2023"},"content":{"rendered":"<p style=\"text-align: center\"><img loading=\"lazy\" decoding=\"async\" class=\"aligncenter \" src=\"https:\/\/sidradeasturias.es\/wp-content\/uploads\/2020\/07\/tres-botellas-dop.png\" width=\"277\" height=\"226\" \/><\/p>\n<p>? Como tolos a\u00f1os, el Conseyu Regulador convoc\u00f3&#8217;l <strong>Concursu a la <a href=\"https:\/\/sidradeasturias.es\/premios-mejor-sidra-de-asturias\/#:~:text=Sidra%20Natural%20Tradicional%3A%20Quelo%20DOP%20%28Llagar%20de%20Quelo.%29,%28Llagar%20Casta%C3%B1%C3%B3n.%29%20Sidra%20Natural%20Filtrada%3A%20Espa%C3%B1ar%20%28Mart%C3%ADnez%20Sope%C3%B1a%29\">Meyor Sidra d&#8217;Asturies<\/a><\/strong> nel que se van escoyer les meyores sidres rexonales nes siguientes categor\u00edes: \u25ba Sidra natural \u201ctradicional\u201d, \u00a0\u201cpenerada o filtrada\u201d,\u00a0 \u201cesplumosa\u201d.<\/p>\n<p>Mientres esta selmana preseleccionar\u00e1nse les sidres y los ganadores van dase a conocer mientres la celebraci\u00f3n del<strong> Sal\u00f3n de la Sidra d&#8217;Asturies 2023.\u00a0<\/strong> Am\u00e1s del prest\u00edu que supon algamar esti galard\u00f3n que premia a les meyores sidres con garant\u00edes d&#8217;orixe y calid\u00e1, les marques ganadores van representar al <strong>Conseyu Regulador DOP \u201cSidra d&#8217;Asturies\u201d<\/strong> en tolos actos promocionales que desenvuelva, hasta la celebraci\u00f3n del pr\u00f3ximu concursu l&#8217;a\u00f1u que vien. ????<\/p>\n","protected":false},"excerpt":{"rendered":"<p>? Como tolos a\u00f1os, el Conseyu Regulador convoc\u00f3&#8217;l Concursu a la Meyor Sidra d&#8217;Asturies nel que se van escoyer les meyores sidres rexonales nes siguientes categor\u00edes: \u25ba Sidra natural \u201ctradicional\u201d, \u00a0\u201cpenerada o filtrada\u201d,\u00a0 \u201cesplumosa\u201d. Mientres esta selmana preseleccionar\u00e1nse les sidres y los ganadores van dase a conocer mientres la celebraci\u00f3n del Sal\u00f3n de la Sidra [&hellip;]<\/p>\n","protected":false},"author":117,"featured_media":0,"comment_status":"open","ping_status":"open","sticky":false,"template":"","format":"standard","meta":{"footnotes":""},"categories":[156],"tags":[],"class_list":["post-20604","post","type-post","status-publish","format-standard","hentry","category-sidre"],"_links":{"self":[{"href":"https:\/\/edublog.educastur.es\/ixuxu\/wp-json\/wp\/v2\/posts\/20604","targetHints":{"allow":["GET"]}}],"collection":[{"href":"https:\/\/edublog.educastur.es\/ixuxu\/wp-json\/wp\/v2\/posts"}],"about":[{"href":"https:\/\/edublog.educastur.es\/ixuxu\/wp-json\/wp\/v2\/types\/post"}],"author":[{"embeddable":true,"href":"https:\/\/edublog.educastur.es\/ixuxu\/wp-json\/wp\/v2\/users\/117"}],"replies":[{"embeddable":true,"href":"https:\/\/edublog.educastur.es\/ixuxu\/wp-json\/wp\/v2\/comments?post=20604"}],"version-history":[{"count":1,"href":"https:\/\/edublog.educastur.es\/ixuxu\/wp-json\/wp\/v2\/posts\/20604\/revisions"}],"predecessor-version":[{"id":20605,"href":"https:\/\/edublog.educastur.es\/ixuxu\/wp-json\/wp\/v2\/posts\/20604\/revisions\/20605"}],"wp:attachment":[{"href":"https:\/\/edublog.educastur.es\/ixuxu\/wp-json\/wp\/v2\/media?parent=20604"}],"wp:term":[{"taxonomy":"category","embeddable":true,"href":"https:\/\/edublog.educastur.es\/ixuxu\/wp-json\/wp\/v2\/categories?post=20604"},{"taxonomy":"post_tag","embeddable":true,"href":"https:\/\/edublog.educastur.es\/ixuxu\/wp-json\/wp\/v2\/tags?post=20604"}],"curies":[{"name":"wp","href":"https:\/\/api.w.org\/{rel}","templated":true}]}}