{"id":2061,"date":"2020-12-14T00:14:35","date_gmt":"2020-12-13T22:14:35","guid":{"rendered":"https:\/\/edublog.educastur.es\/ixuxu\/?p=2061"},"modified":"2020-12-23T00:24:27","modified_gmt":"2020-12-22T22:24:27","slug":"booktrailer-del-llibru-la-deuda-desperanza-medina","status":"publish","type":"post","link":"https:\/\/edublog.educastur.es\/ixuxu\/2020\/12\/booktrailer-del-llibru-la-deuda-desperanza-medina\/","title":{"rendered":"Booktrailer del llibru \u00abLa deuda\u00bb"},"content":{"rendered":"<div class=\"css-1dbjc4n r-1awozwy r-18kxxzh r-zso239\">\n<div class=\"css-1dbjc4n r-18kxxzh r-1wbh5a2 r-13qz1uu\">\n<div class=\"css-1dbjc4n r-1wbh5a2 r-dnmrzs\">\n<div class=\"css-1dbjc4n r-1adg3ll r-1udh08x\">\n<div class=\"r-1adg3ll r-13qz1uu\"><span style=\"color: #008080;font-size: 20px\"><strong><em><span class=\"d2edcug0 hpfvmrgz qv66sw1b c1et5uql rrkovp55 a8c37x1j keod5gw0 nxhoafnm aigsh9s9 d3f4x2em fe6kdd0r mau55g9w c8b282yb iv3no6db jq4qci2q a3bd9o3v knj5qynh oo9gr5id hzawbc8m\" dir=\"auto\">\u00abLa deuda\u00bb <\/span><\/em><\/strong><em><span class=\"d2edcug0 hpfvmrgz qv66sw1b c1et5uql rrkovp55 a8c37x1j keod5gw0 nxhoafnm aigsh9s9 d3f4x2em fe6kdd0r mau55g9w c8b282yb iv3no6db jq4qci2q a3bd9o3v knj5qynh oo9gr5id hzawbc8m\" dir=\"auto\">d&#8217;Esperanza Medina.<\/span><\/em><\/span><\/div>\n<div><a href=\"https:\/\/tienda.trabe.org\/1128\/la-deuda.jpg\"><img loading=\"lazy\" decoding=\"async\" class=\"alignnone\" src=\"https:\/\/tienda.trabe.org\/1128\/la-deuda.jpg\" alt=\"\" width=\"422\" height=\"422\" \/><\/a><\/div>\n<div class=\"r-1p0dtai r-1pi2tsx r-1d2f490 r-u8s1d r-ipm5af r-13qz1uu\">\n<div class=\"css-1dbjc4n r-sdzlij r-1p0dtai r-1mlwlqe r-1d2f490 r-1udh08x r-u8s1d r-zchlnj r-ipm5af r-417010\" aria-label=\"\">\n<div class=\"css-1dbjc4n r-1niwhzg r-vvn4in r-u6sd8q r-4gszlv r-1p0dtai r-1pi2tsx r-1d2f490 r-u8s1d r-zchlnj r-ipm5af r-13qz1uu r-1wyyakw\">\n<h1><span style=\"color: #008080\"><strong><em>\u00abLa deuda\u00bb<br \/>\n<\/em><\/strong><\/span><label><\/label><\/h1>\n<ul>\n<li style=\"list-style-type: none\">\n<ul>\n<li>Autora: Esperanza Medina<\/li>\n<li><strong>ISBN: <\/strong><strong><span class=\"editable\">978-84-18286-01-8<\/span><\/strong><\/li>\n<li><strong>Edici\u00f3n:<\/strong> Primera<\/li>\n<li><strong>P\u00e1ginas:<\/strong> 80<\/li>\n<li><strong>Fecha de publicaci\u00f3n:<\/strong> 01\/09\/2020<\/li>\n<li><strong>Tama\u00f1o:<\/strong> 14 x 21 cm<\/li>\n<li><strong>Idioma:<\/strong> Asturianu<\/li>\n<li>PVP: 12 \u20ac<\/li>\n<\/ul>\n<\/li>\n<\/ul>\n<\/div>\n<\/div>\n<\/div>\n<\/div>\n<\/div>\n<\/div>\n<\/div>\n<div class=\"css-1dbjc4n r-1iusvr4 r-16y2uox r-1777fci r-1mi0q7o\">\n<div class=\"css-1dbjc4n\">\n<div class=\"css-1dbjc4n r-zl2h9q\">\n<div class=\"css-1dbjc4n r-k4xj1c r-18u37iz r-1wtj0ep\">\n<div class=\"css-1dbjc4n r-1d09ksm r-18u37iz r-1wbh5a2\">\n<div class=\"css-1dbjc4n r-1wbh5a2 r-dnmrzs\">\n<div id=\"tweet-user-name\" class=\"css-1dbjc4n r-1awozwy r-18u37iz r-1wbh5a2 r-dnmrzs r-1ny4l3l\">\n<div class=\"css-1dbjc4n r-1awozwy r-18u37iz r-dnmrzs\">\n<div class=\"css-901oao css-bfa6kz r-m0bqgq r-18u37iz r-1qd0xha r-a023e6 r-16dba41 r-ad9z0x r-bcqeeo r-qvutc0\" dir=\"ltr\"><span class=\"css-901oao css-16my406 r-1qd0xha r-ad9z0x r-bcqeeo r-qvutc0\">Fonte:<a href=\"https:\/\/twitter.com\/edicionesTrabe\">@edicionesTrabe<\/a><\/span><\/div>\n<div dir=\"ltr\">Ficha<a href=\"https:\/\/tienda.trabe.org\/es\/novedades\/2456-la-deuda.html\"> editorial. Mercar&#8230;<\/a><\/div>\n<div dir=\"ltr\"><\/div>\n<\/div>\n<div dir=\"ltr\">\n<!-- iframe plugin v.6.0 wordpress.org\/plugins\/iframe\/ -->\n<iframe loading=\"lazy\" src=\"https:\/\/www.facebook.com\/plugins\/video.php?height=314&#038;href=https%3A%2F%2Fwww.facebook.com%2FEdicionesTrabe%2Fvideos%2F431788048196201%2F&#038;show_text=false&#038;width=560\" width=\"560\" height=\"314\" style=\"border:none;overflow:hidden\" scrolling=\"no\" frameborder=\"0\" allowfullscreen=\"true\" allow=\"autoplay; clipboard-write; encrypted-media; picture-in-picture; web-share\" 0=\"\/iframe\" class=\"iframe-class\"><\/iframe>\n<\/div>\n<\/div>\n<\/div>\n<\/div>\n<\/div>\n<\/div>\n<\/div>\n<\/div>\n<p><!--more--><\/p>\n<p><img loading=\"lazy\" decoding=\"async\" class=\"alignnone size-full\" src=\"https:\/\/static.elcomercio.es\/www\/multimedia\/202012\/13\/media\/cortadas\/60667181--984x468.JPG\" width=\"984\" height=\"468\" \/><\/p>\n<ul>\n<li><a href=\"https:\/\/www.elcomercio.es\/aviles\/poesia-paga-deuda-20201213011606-ntvo.html\">Art\u00edculu: El Comercio<\/a><\/li>\n<\/ul>\n<div class=\"rte\">\n<p><em><span style=\"font-size: 20px\">Trenta y dos poemes formen\u00a0<strong>La deuda<\/strong>, primer poemariu n\u2019asturianu d\u2019esta poeta avilesina y\u00e1 propietaria d\u2019una voz personal y d\u2019una obra conocida y apreciada en castellanu. Versos llibres d\u2019apariencia cenciella que falen del ayeri y, poro, del pasu del tiempo, que tenten de ser un homenaxe a les muyeres que la precedieron na familia y a la llingua que falaben: homenaxe que quier blincar perriba l\u2019escaezu d\u2019unes y d\u2019otra, reviviles y dignificales: les sos vides y la so llingua.\u00a0<strong>La deuda<\/strong>\u00a0ye una obra de reconocimientu, un pagu n\u2019agradecimientu escritu en y con conciencia de ser muyer y de los riesgos que delles veces esti fechu impuestu pola naturaleza implica: el maltratu y la violencia de x\u00e9neru, que queden retrataos nestos versos.<\/span><\/em><\/p>\n<p><em><span style=\"font-size: 20px\">Esperanza Medina (Avil\u00e9s, 1964) diose a conocer como poeta en castellanu con\u00a0Escrito con la a\u00a0(2006). Llicenciada en Filolox\u00eda Hisp\u00e1nica, trabaya na ense\u00f1anza y tien publicaos otros tres poemarios (Epanadiplosis o la met\u00e1fora de lo irremediable\u00a0\u20132008\u2013,\u00a0Armadura de az\u00facar\u00a0\u20132008\u2013 y\u00a0<a href=\"https:\/\/tienda.trabe.org\/as\/poesia\/1893-no-recuerdo-un-invierno-tan-frio-como-este.html\">No recuerdo un invierno tan fr\u00edo como \u00e9ste<\/a>\u00a0\u20132009\u2013), am\u00e1s del \u00e1lbum ilustr\u00e1u infantil\u00a0El constipado del sol\u00a0\u20132012\u2013.<\/span><\/em><\/p>\n<\/div>\n<div class=\"css-1dbjc4n\">\n<div id=\"tweet-text\" class=\"css-901oao r-18jsvk2 r-1qd0xha r-a023e6 r-16dba41 r-ad9z0x r-bcqeeo r-bnwqim r-qvutc0\" dir=\"auto\" lang=\"es\"><\/div>\n<\/div>\n","protected":false},"excerpt":{"rendered":"<p>\u00abLa deuda\u00bb d&#8217;Esperanza Medina. \u00abLa deuda\u00bb Autora: Esperanza Medina ISBN: 978-84-18286-01-8 Edici\u00f3n: Primera P\u00e1ginas: 80 Fecha de publicaci\u00f3n: 01\/09\/2020 Tama\u00f1o: 14 x 21 cm Idioma: Asturianu PVP: 12 \u20ac Fonte:@edicionesTrabe Ficha editorial. Mercar&#8230;<\/p>\n","protected":false},"author":117,"featured_media":0,"comment_status":"closed","ping_status":"open","sticky":false,"template":"","format":"standard","meta":{"footnotes":""},"categories":[95,1],"tags":[],"class_list":["post-2061","post","type-post","status-publish","format-standard","hentry","category-booktrailer","category-sin-categoria"],"_links":{"self":[{"href":"https:\/\/edublog.educastur.es\/ixuxu\/wp-json\/wp\/v2\/posts\/2061","targetHints":{"allow":["GET"]}}],"collection":[{"href":"https:\/\/edublog.educastur.es\/ixuxu\/wp-json\/wp\/v2\/posts"}],"about":[{"href":"https:\/\/edublog.educastur.es\/ixuxu\/wp-json\/wp\/v2\/types\/post"}],"author":[{"embeddable":true,"href":"https:\/\/edublog.educastur.es\/ixuxu\/wp-json\/wp\/v2\/users\/117"}],"replies":[{"embeddable":true,"href":"https:\/\/edublog.educastur.es\/ixuxu\/wp-json\/wp\/v2\/comments?post=2061"}],"version-history":[{"count":4,"href":"https:\/\/edublog.educastur.es\/ixuxu\/wp-json\/wp\/v2\/posts\/2061\/revisions"}],"predecessor-version":[{"id":2066,"href":"https:\/\/edublog.educastur.es\/ixuxu\/wp-json\/wp\/v2\/posts\/2061\/revisions\/2066"}],"wp:attachment":[{"href":"https:\/\/edublog.educastur.es\/ixuxu\/wp-json\/wp\/v2\/media?parent=2061"}],"wp:term":[{"taxonomy":"category","embeddable":true,"href":"https:\/\/edublog.educastur.es\/ixuxu\/wp-json\/wp\/v2\/categories?post=2061"},{"taxonomy":"post_tag","embeddable":true,"href":"https:\/\/edublog.educastur.es\/ixuxu\/wp-json\/wp\/v2\/tags?post=2061"}],"curies":[{"name":"wp","href":"https:\/\/api.w.org\/{rel}","templated":true}]}}