{"id":20627,"date":"2023-06-12T13:40:25","date_gmt":"2023-06-12T11:40:25","guid":{"rendered":"https:\/\/edublog.educastur.es\/ixuxu\/?p=20627"},"modified":"2023-06-12T13:45:15","modified_gmt":"2023-06-12T11:45:15","slug":"uvieu-nun-sal-nel-kilometro-cero","status":"publish","type":"post","link":"https:\/\/edublog.educastur.es\/ixuxu\/2023\/06\/uvieu-nun-sal-nel-kilometro-cero\/","title":{"rendered":"Uvi\u00e9u nun sal nel\u00a0\u00abkil\u00f3metro cero\u00bb"},"content":{"rendered":"<ul>\n<li><a href=\"https:\/\/www.lavozdeasturias.es\/noticia\/agora\/2023\/06\/07\/uvieu-nun-sal-nelkilometro-cero\/00031686132000168657481.htm?fbclid=IwAR0efGh0Z4NEX_qiKy04lzuh0BII1Nq6qpb9_kXx5wylTVUCcaDrGbJsw4A\">Fonte: La Voz<\/a> \/ <a href=\"https:\/\/cflvdg.avoz.es\/sc\/dbQplj_5RU3UR03n91eJvRrDu90=\/768x\/2023\/06\/07\/00121686131980911148667\/Foto\/uvi.jpg\">cartelu\u00a0<\/a><\/li>\n<li><a href=\"https:\/\/www.ngenespanol.com\/lugares\/kilometro-cero-en-madrid\/\">KM 0: NG<\/a> \/<\/li>\n<\/ul>\n<p style=\"text-align: center\"><img loading=\"lazy\" decoding=\"async\" class=\"aligncenter size-full\" src=\"https:\/\/cflvdg.avoz.es\/sc\/dbQplj_5RU3UR03n91eJvRrDu90=\/768x\/2023\/06\/07\/00121686131980911148667\/Foto\/uvi.jpg\" width=\"768\" height=\"432\" \/><\/p>\n<div class=\"row f-dir-row p-rel\">\n<div class=\"col sz-dk-67 txt-blk\">\n<div class=\"figure\">\n<div class=\"media ratio16-9\"><\/div>\n<\/div>\n<div class=\"date\">\n<h3 class=\"subtitle t-bld\">Iniciativa pol Asturianu reclama l&#8217;usu de la toponimia oficial\u00a0na\u00a0placa de la Puerta del Sol<\/h3>\n<p><!--more--><\/p>\n<p>Capitales gallegues, catalanes o valencienes tienen la toponimia tradicional recoyida en Madrid. Pero Asturies non. Iniciativa pol Asturianu reclam\u00f3 al Conceyu de Madrid qu\u2019ig\u00fce la nueva placa conmemorativa del \u00abkilometro cero\u00bb de la Puerta del Sol pa recoyer la toponimia oficial asturiana. Esta instalaci\u00f3n, que representa\u2019l puntu exactu onde naz la rede de carreteres radiales del Est\u00e1u, remocic\u00f3se reci\u00e9n con motivu de les obres de la c\u00e9ntrica plaza.<\/p>\n<\/div>\n<p class=\"txt\">Sicas\u00ed, el lletreru que marca les distancies de Madrid col restu de capitales provinciales nam\u00e1s recueye la forma deturpada del Conceyu d\u2019Uvi\u00e9u, en contraposici\u00f3n colo que fixa\u2019l Decretu 14\/2019, de 13 de marzu. Esi documentu establez que\u2019l nome oficial de la ciud\u00e1 ye Oviedo\/Uvi\u00e9u.<\/p>\n<p class=\"txt\">La placa, por contra, s\u00ed recueye la toponimia tradicional d\u2019otres capitales como Ourense, A Coru\u00f1a, Girona, Lleida, Alacant y Castell\u00f3 de la Plana. La organizaci\u00f3n de reivindicaci\u00f3n lling\u00fc\u00edstica solicita la inclusi\u00f3n de la toponimia oficial asturiana na placa conmemorativa del \u00abkilometro cero\u00bb recientemente instalada. Esta petici\u00f3n coincide cola quexa que tresllad\u00f3 l\u2019alcalde de Val\u00e8ncia al de Madrid pola ausencia de la toponimia oficial de la capital de la Comunid\u00e1 Valenciana y que solo apaez na forma deturpada na nueva graf\u00eda de la ic\u00f3nica placa de la Puerta del Sol.<\/p>\n<p style=\"text-align: center\"><a href=\"https:\/\/th.bing.com\/th\/id\/R.e37f86da529219c04139635776b71ae0?rik=nw%2bZ8JlMcLfZLQ&amp;riu=http%3a%2f%2f4.bp.blogspot.com%2f-OJ2jKhwz7SU%2fUNbw09azHTI%2fAAAAAAAAA_8%2fe9nbwLBoAzM%2fs1600%2fKilometro%2bCero.jpg&amp;ehk=B6NKm2ypy8u3a2q63nYNTVhwLsXfTPWZNel%2f2JDRkcE%3d&amp;risl=&amp;pid=ImgRaw&amp;r=0\"><img loading=\"lazy\" decoding=\"async\" class=\"aligncenter \" src=\"https:\/\/th.bing.com\/th\/id\/R.e37f86da529219c04139635776b71ae0?rik=nw%2bZ8JlMcLfZLQ&amp;riu=http%3a%2f%2f4.bp.blogspot.com%2f-OJ2jKhwz7SU%2fUNbw09azHTI%2fAAAAAAAAA_8%2fe9nbwLBoAzM%2fs1600%2fKilometro%2bCero.jpg&amp;ehk=B6NKm2ypy8u3a2q63nYNTVhwLsXfTPWZNel%2f2JDRkcE%3d&amp;risl=&amp;pid=ImgRaw&amp;r=0\" width=\"431\" height=\"324\" \/><\/a><\/p>\n<p>La Puerta del Sol en Madrid ye la protagonista de munchos eventos p\u00fablicos. Equ\u00ed nun hai momentu del d\u00eda, nin de la nueche, nel que nun asoceda daqu\u00e9. Sicas\u00ed, lo que munchos turistes nun saben ye que nesti llugar atopa&#8217;l kil\u00f3metru cero. En 1950 asiti\u00f3se la Placa del Kil\u00f3metru Cero frente al edificiu de la Casa de Correos para indicar el llugar esactu dende&#8217;l que se miden les distancies de les carreteres nacionales.<\/p>\n<p>Esta importante placa<strong> indica l&#8217;orixe de los seis primeres carreteres radiales d&#8217;Espa\u00f1a<\/strong>:\u00a0Pa\u00eds Vascu, Catalu\u00f1a, Valencia,\u00a0Andaluc\u00eda, Estremadura, Galicia.<\/p>\n<p><strong> La placa ta fecha de granitu y\u00a0lat\u00f3n.<\/strong> Nella podemos ver la figura d&#8217;Espa\u00f1a, colos seis carreteres nacionales partiendo del centru, que se marca con un c\u00edrculu. D&#8217;esti c\u00edrculu salen tami\u00e9n dos fleches escontra l&#8217;este y l&#8217;oeste.<\/p>\n<p><strong>M\u00e1s embaxo hai dos escudos.<\/strong> El de la esquierda ye l&#8217;emblema del Colexu d&#8217;Inxenieros de Caminos, Canales y Puertos. Per otru llau, el de la derecha ye l&#8217;antiguu escudu de Madrid, cola ic\u00f3nica figura del Osu y el Madro\u00f1o.<\/p>\n<p>El llugar qu&#8217;agora ocupa&#8217;l kil\u00f3metru cero tuvo nel pas\u00e1u ocup\u00e1u pol Hospital del Bon Sucesu, un edificiu nel que se vivi\u00f3 gran parte de la hestoria de Madrid mientres los \u00faltimos sieglos.<\/p>\n<\/div>\n<\/div>\n<p>&nbsp;<\/p>\n","protected":false},"excerpt":{"rendered":"<p>Fonte: La Voz \/ cartelu\u00a0 KM 0: NG \/ Iniciativa pol Asturianu reclama l&#8217;usu de la toponimia oficial\u00a0na\u00a0placa de la Puerta del Sol<\/p>\n","protected":false},"author":117,"featured_media":0,"comment_status":"open","ping_status":"open","sticky":false,"template":"","format":"standard","meta":{"footnotes":""},"categories":[232,33],"tags":[],"class_list":["post-20627","post","type-post","status-publish","format-standard","hentry","category-tresportes","category-uvieu"],"_links":{"self":[{"href":"https:\/\/edublog.educastur.es\/ixuxu\/wp-json\/wp\/v2\/posts\/20627","targetHints":{"allow":["GET"]}}],"collection":[{"href":"https:\/\/edublog.educastur.es\/ixuxu\/wp-json\/wp\/v2\/posts"}],"about":[{"href":"https:\/\/edublog.educastur.es\/ixuxu\/wp-json\/wp\/v2\/types\/post"}],"author":[{"embeddable":true,"href":"https:\/\/edublog.educastur.es\/ixuxu\/wp-json\/wp\/v2\/users\/117"}],"replies":[{"embeddable":true,"href":"https:\/\/edublog.educastur.es\/ixuxu\/wp-json\/wp\/v2\/comments?post=20627"}],"version-history":[{"count":3,"href":"https:\/\/edublog.educastur.es\/ixuxu\/wp-json\/wp\/v2\/posts\/20627\/revisions"}],"predecessor-version":[{"id":20630,"href":"https:\/\/edublog.educastur.es\/ixuxu\/wp-json\/wp\/v2\/posts\/20627\/revisions\/20630"}],"wp:attachment":[{"href":"https:\/\/edublog.educastur.es\/ixuxu\/wp-json\/wp\/v2\/media?parent=20627"}],"wp:term":[{"taxonomy":"category","embeddable":true,"href":"https:\/\/edublog.educastur.es\/ixuxu\/wp-json\/wp\/v2\/categories?post=20627"},{"taxonomy":"post_tag","embeddable":true,"href":"https:\/\/edublog.educastur.es\/ixuxu\/wp-json\/wp\/v2\/tags?post=20627"}],"curies":[{"name":"wp","href":"https:\/\/api.w.org\/{rel}","templated":true}]}}