{"id":20631,"date":"2023-06-12T13:51:44","date_gmt":"2023-06-12T11:51:44","guid":{"rendered":"https:\/\/edublog.educastur.es\/ixuxu\/?p=20631"},"modified":"2023-06-12T13:51:44","modified_gmt":"2023-06-12T11:51:44","slug":"el-campillin-volvera-acoyer-la-foguera-de-san-juan-nuvieu","status":"publish","type":"post","link":"https:\/\/edublog.educastur.es\/ixuxu\/2023\/06\/el-campillin-volvera-acoyer-la-foguera-de-san-juan-nuvieu\/","title":{"rendered":"El Campill\u00edn volver\u00e1 acoyer la foguera de San Juan n&#8217;Uvi\u00e9u"},"content":{"rendered":"<ul>\n<li>Fonte: <a href=\"https:\/\/www.lne.es\/oviedo\/2023\/06\/08\/campillin-volvera-acoger-hoguera-san-88434340.html\">LNE<\/a> \/<\/li>\n<\/ul>\n<p>El Campill\u00edn volver\u00e1 acoyer la foguera de San Juan n&#8217;Uvi\u00e9u tres l&#8217;\u00e9situ del a\u00f1u pas\u00e1u. La plaza del Conceyu y el Font\u00e1n van ser los escenarios secundarios d&#8217;una programaci\u00f3n que va incluyir conciertos y actividaes para ne\u00f1os.<\/p>\n<p style=\"text-align: center\"><a href=\"https:\/\/estaticos-cdn.prensaiberica.es\/clip\/d40039e1-67f7-4516-8d21-5d2b57f16953_21-9-aspect-ratio_default_0.jpg\"><img loading=\"lazy\" decoding=\"async\" class=\"aligncenter size-full\" src=\"https:\/\/estaticos-cdn.prensaiberica.es\/clip\/d40039e1-67f7-4516-8d21-5d2b57f16953_21-9-aspect-ratio_default_0.jpg\" width=\"1280\" height=\"548\" \/><\/a><\/p>\n<p>&nbsp;<\/p>\n","protected":false},"excerpt":{"rendered":"<p>Fonte: LNE \/ El Campill\u00edn volver\u00e1 acoyer la foguera de San Juan n&#8217;Uvi\u00e9u tres l&#8217;\u00e9situ del a\u00f1u pas\u00e1u. La plaza del Conceyu y el Font\u00e1n van ser los escenarios secundarios d&#8217;una programaci\u00f3n que va incluyir conciertos y actividaes para ne\u00f1os. &nbsp;<\/p>\n","protected":false},"author":117,"featured_media":0,"comment_status":"open","ping_status":"open","sticky":false,"template":"","format":"standard","meta":{"footnotes":""},"categories":[21,33],"tags":[],"class_list":["post-20631","post","type-post","status-publish","format-standard","hentry","category-fiestes","category-uvieu"],"_links":{"self":[{"href":"https:\/\/edublog.educastur.es\/ixuxu\/wp-json\/wp\/v2\/posts\/20631","targetHints":{"allow":["GET"]}}],"collection":[{"href":"https:\/\/edublog.educastur.es\/ixuxu\/wp-json\/wp\/v2\/posts"}],"about":[{"href":"https:\/\/edublog.educastur.es\/ixuxu\/wp-json\/wp\/v2\/types\/post"}],"author":[{"embeddable":true,"href":"https:\/\/edublog.educastur.es\/ixuxu\/wp-json\/wp\/v2\/users\/117"}],"replies":[{"embeddable":true,"href":"https:\/\/edublog.educastur.es\/ixuxu\/wp-json\/wp\/v2\/comments?post=20631"}],"version-history":[{"count":1,"href":"https:\/\/edublog.educastur.es\/ixuxu\/wp-json\/wp\/v2\/posts\/20631\/revisions"}],"predecessor-version":[{"id":20632,"href":"https:\/\/edublog.educastur.es\/ixuxu\/wp-json\/wp\/v2\/posts\/20631\/revisions\/20632"}],"wp:attachment":[{"href":"https:\/\/edublog.educastur.es\/ixuxu\/wp-json\/wp\/v2\/media?parent=20631"}],"wp:term":[{"taxonomy":"category","embeddable":true,"href":"https:\/\/edublog.educastur.es\/ixuxu\/wp-json\/wp\/v2\/categories?post=20631"},{"taxonomy":"post_tag","embeddable":true,"href":"https:\/\/edublog.educastur.es\/ixuxu\/wp-json\/wp\/v2\/tags?post=20631"}],"curies":[{"name":"wp","href":"https:\/\/api.w.org\/{rel}","templated":true}]}}