{"id":20677,"date":"2023-06-13T12:49:40","date_gmt":"2023-06-13T10:49:40","guid":{"rendered":"https:\/\/edublog.educastur.es\/ixuxu\/?p=20677"},"modified":"2023-06-13T12:54:01","modified_gmt":"2023-06-13T10:54:01","slug":"el-mapa-deuropa-que-dexa-claro-que-fonte-susa-para-xenerar-la-enerxia-en-cada-pais","status":"publish","type":"post","link":"https:\/\/edublog.educastur.es\/ixuxu\/2023\/06\/el-mapa-deuropa-que-dexa-claro-que-fonte-susa-para-xenerar-la-enerxia-en-cada-pais\/","title":{"rendered":"El mapa d&#8217;Europa que dexa claro qu\u00e9 fonte s&#8217;usa para xenerar la enerx\u00eda en cada pa\u00eds"},"content":{"rendered":"<ul>\n<li><a href=\"https:\/\/computerhoy.com\/noticias\/life\/mapa-europa-deja-claro-fuente-usa-generar-energia-cada-pais-1130647?utm_content=buffer6b089&amp;utm_medium=Social&amp;utm_source=Facebook&amp;utm_campaign=CH&amp;fbclid=IwAR3qYEtsBG2FtR4b9qt5PVdNzKmhF1zkJWfbZeATTzO5Tw6-w3nlcg9Y1Rg\">Fonte: Computer Hoy<\/a> \/<\/li>\n<\/ul>\n<p style=\"text-align: center\"><a href=\"https:\/\/cdn.computerhoy.com\/sites\/navi.axelspringer.es\/public\/media\/image\/2022\/09\/mapa-europa-deja-claro-fuente-usa-generar-energia-cada-pais-2824717.jpg?tf=1080x\"><img loading=\"lazy\" decoding=\"async\" class=\"aligncenter \" src=\"https:\/\/cdn.computerhoy.com\/sites\/navi.axelspringer.es\/public\/media\/image\/2022\/09\/mapa-europa-deja-claro-fuente-usa-generar-energia-cada-pais-2824717.jpg?tf=1080x\" width=\"732\" height=\"523\" \/><\/a><\/p>\n<p>Magar esto \u00faltimu, el carb\u00f3n, el gas natural y el petr\u00f3leu siguen siendo la fonte d&#8217;enerx\u00eda m\u00e1s utilizada na gran mayor\u00eda de los pa\u00edses europeos.<\/p>\n<p><!--more--><\/p>\n<p>Europa<\/p>\n<p style=\"text-align: center\"><a href=\"https:\/\/img.interempresas.net\/fotos\/1258179.jpeg\"><img loading=\"lazy\" decoding=\"async\" class=\"aligncenter size-full\" src=\"https:\/\/img.interempresas.net\/fotos\/1258179.jpeg\" width=\"1750\" height=\"1000\" \/><\/a><\/p>\n<p style=\"text-align: center\"><span style=\"color: #008080\"><strong>ESPA\u00d1A<\/strong><\/span><\/p>\n<p style=\"text-align: center\"><a href=\"https:\/\/cdn.website-editor.net\/d345ca10f6af4d88ae13efd5ceeed607\/dms3rep\/multi\/energia-renovable.png\"><img loading=\"lazy\" decoding=\"async\" class=\"aligncenter size-full\" src=\"https:\/\/cdn.website-editor.net\/d345ca10f6af4d88ae13efd5ceeed607\/dms3rep\/multi\/energia-renovable.png\" width=\"376\" height=\"264\" \/><\/a><\/p>\n","protected":false},"excerpt":{"rendered":"<p>Fonte: Computer Hoy \/ Magar esto \u00faltimu, el carb\u00f3n, el gas natural y el petr\u00f3leu siguen siendo la fonte d&#8217;enerx\u00eda m\u00e1s utilizada na gran mayor\u00eda de los pa\u00edses europeos.<\/p>\n","protected":false},"author":117,"featured_media":0,"comment_status":"open","ping_status":"open","sticky":false,"template":"","format":"standard","meta":{"footnotes":""},"categories":[305],"tags":[],"class_list":["post-20677","post","type-post","status-publish","format-standard","hentry","category-enerxia"],"_links":{"self":[{"href":"https:\/\/edublog.educastur.es\/ixuxu\/wp-json\/wp\/v2\/posts\/20677","targetHints":{"allow":["GET"]}}],"collection":[{"href":"https:\/\/edublog.educastur.es\/ixuxu\/wp-json\/wp\/v2\/posts"}],"about":[{"href":"https:\/\/edublog.educastur.es\/ixuxu\/wp-json\/wp\/v2\/types\/post"}],"author":[{"embeddable":true,"href":"https:\/\/edublog.educastur.es\/ixuxu\/wp-json\/wp\/v2\/users\/117"}],"replies":[{"embeddable":true,"href":"https:\/\/edublog.educastur.es\/ixuxu\/wp-json\/wp\/v2\/comments?post=20677"}],"version-history":[{"count":7,"href":"https:\/\/edublog.educastur.es\/ixuxu\/wp-json\/wp\/v2\/posts\/20677\/revisions"}],"predecessor-version":[{"id":20684,"href":"https:\/\/edublog.educastur.es\/ixuxu\/wp-json\/wp\/v2\/posts\/20677\/revisions\/20684"}],"wp:attachment":[{"href":"https:\/\/edublog.educastur.es\/ixuxu\/wp-json\/wp\/v2\/media?parent=20677"}],"wp:term":[{"taxonomy":"category","embeddable":true,"href":"https:\/\/edublog.educastur.es\/ixuxu\/wp-json\/wp\/v2\/categories?post=20677"},{"taxonomy":"post_tag","embeddable":true,"href":"https:\/\/edublog.educastur.es\/ixuxu\/wp-json\/wp\/v2\/tags?post=20677"}],"curies":[{"name":"wp","href":"https:\/\/api.w.org\/{rel}","templated":true}]}}