{"id":20685,"date":"2023-06-11T18:00:02","date_gmt":"2023-06-11T16:00:02","guid":{"rendered":"https:\/\/edublog.educastur.es\/ixuxu\/?p=20685"},"modified":"2023-06-14T11:40:23","modified_gmt":"2023-06-14T09:40:23","slug":"candamu-vuelve-ser-la-capital-xliv-festival-de-la-fresa","status":"publish","type":"post","link":"https:\/\/edublog.educastur.es\/ixuxu\/2023\/06\/candamu-vuelve-ser-la-capital-xliv-festival-de-la-fresa\/","title":{"rendered":"Candamu vuelve ser la capital: XLIV Festival de la Fresa."},"content":{"rendered":"<ul>\n<li>Fonte: <a href=\"https:\/\/www.rtpa.es\/noticias-asturias-ast:Candamo-vuelve-a-ser-la-capital-de-la-fresa_111686485917.html?fbclid=IwAR2ySJQ4L-Aat_7bo3TDfzY757KCDNqKgrsmNh1vm_a7X0TjHsgbIC52_eQ\">TPA Video<\/a> \/ <a href=\"https:\/\/lavozdeltrubia.es\/2023\/06\/12\/el-buen-tiempo-anima-el-festival-de-la-fresa\/?fbclid=IwAR2G2tvuUx5UdDUsx56pPzJy0qRIbu9SYLcYKSG-bA-Orrr-P0qE3BdN0kQ\">La Voz del Trubia<\/a> \/<\/li>\n<\/ul>\n<p style=\"text-align: center\">\n<!-- iframe plugin v.6.0 wordpress.org\/plugins\/iframe\/ -->\n<iframe loading=\"lazy\" src=\"https:\/\/www.facebook.com\/plugins\/post.php?href=https%3A%2F%2Fwww.facebook.com%2Fphoto.php%3Ffbid%3D684710567001108%26set%3Da.367435322061969%26type%3D3&#038;show_text=false&#038;width=500\" width=\"500\" height=\"664\" style=\"border:none;overflow:hidden\" scrolling=\"no\" frameborder=\"0\" allowfullscreen=\"true\" allow=\"autoplay; clipboard-write; encrypted-media; picture-in-picture; web-share\" 0=\"\/iframe\" class=\"iframe-class\"><\/iframe>\n<\/p>\n<p>El ganador de la nueva edici\u00f3n del Festival de la fresa de Candamu foi Jorge S\u00e1nchez, productor de Ventosa, que traxo les meyores y asina llev\u00f3 la <strong>Fresa d&#8217;Oru<\/strong>. Curiosamente la pasada edici\u00f3n el premiu llev\u00f3lu so madre. Bon ambiente, altes temperatures y bon tiempu en Grullos pol Festival de la Fresa. Puy\u00e1ronse a 30 \u20ac\/2 quilos.<\/p>\n<p><!--more--><\/p>\n<p>Les lluvies de los \u00faltimos d\u00edes amenorgaron la collecha de la fresa. Nesto coinciden dellos de los catorce productores que participen na 44 edici\u00f3n del Festival de la fresa de Candamu. D\u00edcennos que tien bon sabor pol calor d&#8217;abril, pero que l&#8217;agua de los \u00faltimos d\u00edes estropi\u00f3la. Polo qu&#8217;a dalgunos cost\u00f3-yos axuntar el quilo qu&#8217;hai que traer pa esponer. Daqu\u00e9 que ratifiquen los miembros del xur\u00e1u que dictaminen cu\u00e1la ye la meyor fresa. D\u00edcennos qu&#8217;hai poco, pero sabroso, dalgunos de tama\u00f1u m\u00e1s que considerable. Asina lo asegura Guillermo Garc\u00eda, t\u00e9cnicu del Serida. Sicas\u00ed, la collecha d&#8217;esti frutu color\u00e1u llega hasta bien entrada la seronda, polo que conf\u00eden en que les lluvies dean tregua y poder recoyer muncha fresa.<\/p>\n<p>Bones freses y bona m\u00fasica, la de \u201cLa Xordia- Les Regueres\u201d qu&#8217;anim\u00f3 la ma\u00f1ana y la posibilid\u00e1 de pasiar polos puestos d&#8217;artesan\u00eda y productos asturianos qu&#8217;ocupaben parte de la cortil del Festival que como ye habitual celebr\u00f3se al campu.<\/p>\n<p>Siguiendo l&#8217;horariu previstu la entrega de premios a la <strong>Fresa d&#8217;Oru, Fresa de Plata, Fresa de Bronce y Fresa d&#8217;Honor<\/strong>, produci\u00f3se en redol a les 13:00 hores cola llectura de l&#8217;acta del xur\u00e1u y una reconocencia a los mayores y a los m\u00e1s nuevos \u201cque son el futuru del festival\u201d. De sigu\u00edo, celebr\u00f3se la puya del primer premiu, la Fresa d&#8217;Oru, unos 2 quilos de freses que fueron adquir\u00edos por 30,00 euros, siendo&#8217;l preciu final el mesmu que de salida pos el p\u00fablicu nun s&#8217;amos\u00f3 anim\u00e1u a puxar.<\/p>\n<p>Los premiaos fueron angua\u00f1o fueron: Juli\u00e1n Rapp Alonso, la Meyor presentaci\u00f3n; Jorge S\u00e1nchez Miranda, Fresa d&#8217;Oru; Orencita Miranda \u00c1lvarez, fresa de Plata, y Luis Fern\u00e1ndez, fresa de Bronce. La Fresa d&#8217;Honor pola so aportaci\u00f3n al Festival y pola so trayectoria recay\u00f3 en M\u00aa Cruz Arango Guti\u00e9rrez.<\/p>\n","protected":false},"excerpt":{"rendered":"<p>Fonte: TPA Video \/ La Voz del Trubia \/ El ganador de la nueva edici\u00f3n del Festival de la fresa de Candamu foi Jorge S\u00e1nchez, productor de Ventosa, que traxo les meyores y asina llev\u00f3 la Fresa d&#8217;Oru. Curiosamente la pasada edici\u00f3n el premiu llev\u00f3lu so madre. Bon ambiente, altes temperatures y bon tiempu en [&hellip;]<\/p>\n","protected":false},"author":117,"featured_media":0,"comment_status":"open","ping_status":"open","sticky":false,"template":"","format":"standard","meta":{"footnotes":""},"categories":[138,204],"tags":[],"class_list":["post-20685","post","type-post","status-publish","format-standard","hentry","category-alimentos","category-festivales"],"_links":{"self":[{"href":"https:\/\/edublog.educastur.es\/ixuxu\/wp-json\/wp\/v2\/posts\/20685","targetHints":{"allow":["GET"]}}],"collection":[{"href":"https:\/\/edublog.educastur.es\/ixuxu\/wp-json\/wp\/v2\/posts"}],"about":[{"href":"https:\/\/edublog.educastur.es\/ixuxu\/wp-json\/wp\/v2\/types\/post"}],"author":[{"embeddable":true,"href":"https:\/\/edublog.educastur.es\/ixuxu\/wp-json\/wp\/v2\/users\/117"}],"replies":[{"embeddable":true,"href":"https:\/\/edublog.educastur.es\/ixuxu\/wp-json\/wp\/v2\/comments?post=20685"}],"version-history":[{"count":2,"href":"https:\/\/edublog.educastur.es\/ixuxu\/wp-json\/wp\/v2\/posts\/20685\/revisions"}],"predecessor-version":[{"id":20687,"href":"https:\/\/edublog.educastur.es\/ixuxu\/wp-json\/wp\/v2\/posts\/20685\/revisions\/20687"}],"wp:attachment":[{"href":"https:\/\/edublog.educastur.es\/ixuxu\/wp-json\/wp\/v2\/media?parent=20685"}],"wp:term":[{"taxonomy":"category","embeddable":true,"href":"https:\/\/edublog.educastur.es\/ixuxu\/wp-json\/wp\/v2\/categories?post=20685"},{"taxonomy":"post_tag","embeddable":true,"href":"https:\/\/edublog.educastur.es\/ixuxu\/wp-json\/wp\/v2\/tags?post=20685"}],"curies":[{"name":"wp","href":"https:\/\/api.w.org\/{rel}","templated":true}]}}