{"id":20787,"date":"2023-06-21T11:36:23","date_gmt":"2023-06-21T09:36:23","guid":{"rendered":"https:\/\/edublog.educastur.es\/ixuxu\/?p=20787"},"modified":"2023-06-21T11:36:23","modified_gmt":"2023-06-21T09:36:23","slug":"sidra-dasturies","status":"publish","type":"post","link":"https:\/\/edublog.educastur.es\/ixuxu\/2023\/06\/sidra-dasturies\/","title":{"rendered":"Sidra d&#8217;Asturies"},"content":{"rendered":"<p>DELFINA LLERA (COLUNGA) Cosechera<\/p>\n<p style=\"text-align: center\"><a href=\"https:\/\/estaticos-cdn.prensaiberica.es\/clip\/504f5283-dfc1-4bad-bfff-e2cf355c409d_16-9-aspect-ratio_default_0.jpg\"><img loading=\"lazy\" decoding=\"async\" class=\"aligncenter size-full\" src=\"https:\/\/estaticos-cdn.prensaiberica.es\/clip\/504f5283-dfc1-4bad-bfff-e2cf355c409d_16-9-aspect-ratio_default_0.jpg\" width=\"880\" height=\"495\" \/><\/a><\/p>\n<ul>\n<li><a href=\"https:\/\/www.facebook.com\/sidradeasturiasdop\">https:\/\/www.facebook.com\/sidradeasturiasdop<\/a><\/li>\n<li><a href=\"https:\/\/www.facebook.com\/sidradeasturiasdop\/videos\/135914649507226\">VIDEU<\/a> \/ <a href=\"https:\/\/www.facebook.com\/photo\/?fbid=635801821908293&amp;set=a.632463725575436\">CARTELU<\/a>\/<a href=\"https:\/\/www.lavozdeasturias.es\/noticia\/asturias\/2023\/06\/12\/etiquetina-ye-grande-promocion-sidra-asturiasaspira-llegar-90-poblacion\/00031686571654097240487.htm\">La Voz<\/a>\/<\/li>\n<\/ul>\n<p><span class=\"x193iq5w xeuugli x13faqbe x1vvkbs x1xmvt09 x1lliihq x1s928wv xhkezso x1gmr53x x1cpjm7i x1fgarty x1943h6x xudqn12 x3x7a5m x1f6kntn xvq8zen xo1l8bm xzsf02u\" dir=\"auto\">Porque garantiza qu&#8217;esta sidra esta fecha 100% con mazanes asturianes, lo cual ayuda a beneficiar la econom\u00eda y el trabayu del nuesu campu, caltien la identid\u00e1 del paisaxe asturiano y afita la poblaci\u00f3n de la nuesa redolada rural.<\/span><\/p>\n","protected":false},"excerpt":{"rendered":"<p>DELFINA LLERA (COLUNGA) Cosechera https:\/\/www.facebook.com\/sidradeasturiasdop VIDEU \/ CARTELU\/La Voz\/ Porque garantiza qu&#8217;esta sidra esta fecha 100% con mazanes asturianes, lo cual ayuda a beneficiar la econom\u00eda y el trabayu del nuesu campu, caltien la identid\u00e1 del paisaxe asturiano y afita la poblaci\u00f3n de la nuesa redolada rural.<\/p>\n","protected":false},"author":117,"featured_media":0,"comment_status":"open","ping_status":"open","sticky":false,"template":"","format":"standard","meta":{"footnotes":""},"categories":[156],"tags":[],"class_list":["post-20787","post","type-post","status-publish","format-standard","hentry","category-sidre"],"_links":{"self":[{"href":"https:\/\/edublog.educastur.es\/ixuxu\/wp-json\/wp\/v2\/posts\/20787","targetHints":{"allow":["GET"]}}],"collection":[{"href":"https:\/\/edublog.educastur.es\/ixuxu\/wp-json\/wp\/v2\/posts"}],"about":[{"href":"https:\/\/edublog.educastur.es\/ixuxu\/wp-json\/wp\/v2\/types\/post"}],"author":[{"embeddable":true,"href":"https:\/\/edublog.educastur.es\/ixuxu\/wp-json\/wp\/v2\/users\/117"}],"replies":[{"embeddable":true,"href":"https:\/\/edublog.educastur.es\/ixuxu\/wp-json\/wp\/v2\/comments?post=20787"}],"version-history":[{"count":1,"href":"https:\/\/edublog.educastur.es\/ixuxu\/wp-json\/wp\/v2\/posts\/20787\/revisions"}],"predecessor-version":[{"id":20788,"href":"https:\/\/edublog.educastur.es\/ixuxu\/wp-json\/wp\/v2\/posts\/20787\/revisions\/20788"}],"wp:attachment":[{"href":"https:\/\/edublog.educastur.es\/ixuxu\/wp-json\/wp\/v2\/media?parent=20787"}],"wp:term":[{"taxonomy":"category","embeddable":true,"href":"https:\/\/edublog.educastur.es\/ixuxu\/wp-json\/wp\/v2\/categories?post=20787"},{"taxonomy":"post_tag","embeddable":true,"href":"https:\/\/edublog.educastur.es\/ixuxu\/wp-json\/wp\/v2\/tags?post=20787"}],"curies":[{"name":"wp","href":"https:\/\/api.w.org\/{rel}","templated":true}]}}