{"id":20825,"date":"2023-06-22T11:30:25","date_gmt":"2023-06-22T09:30:25","guid":{"rendered":"https:\/\/edublog.educastur.es\/ixuxu\/?p=20825"},"modified":"2023-06-22T14:43:43","modified_gmt":"2023-06-22T12:43:43","slug":"el-mural-equidad-que-decora-yal-colexu-de-les-regueres","status":"publish","type":"post","link":"https:\/\/edublog.educastur.es\/ixuxu\/2023\/06\/el-mural-equidad-que-decora-yal-colexu-de-les-regueres\/","title":{"rendered":"El mural \u00abEquidad\u00bb que decora y\u00e1&#8217;l colexu de Les Regueres"},"content":{"rendered":"<ul>\n<li><a href=\"https:\/\/lavozdeltrubia.es\/2023\/06\/21\/un-mural-pintado-por-el-artista-grafico-tedi-skf-con-los-escolares-de-las-regueras-en-el-colegio-de-santullano\/?fbclid=IwAR2aQG40w494N96LV1PTc-qzujoFbbbgXWn3Zw7AkBZkmAFsU244LTaZh1o\">Fonte: La Voz del Trubia<\/a> \/<a href=\"https:\/\/lavozdeltrubia.es\/wp-content\/uploads\/2023\/06\/WhatsApp-Image-2023-06-21-at-09.18.42.jpeg\"> mural<\/a><\/li>\n<li><strong>Tedi Skf<\/strong>: <a href=\"https:\/\/www.instagram.com\/tedi_skf\/?hl=es\">Instagram<\/a> \/<\/li>\n<\/ul>\n<p style=\"text-align: center\"><a href=\"https:\/\/lavozdeltrubia.es\/wp-content\/uploads\/2023\/06\/WhatsApp-Image-2023-06-21-at-09.18.42.jpeg\"><img loading=\"lazy\" decoding=\"async\" class=\"aligncenter size-full\" src=\"https:\/\/lavozdeltrubia.es\/wp-content\/uploads\/2023\/06\/WhatsApp-Image-2023-06-21-at-09.18.42.jpeg\" width=\"1080\" height=\"810\" \/><\/a><\/p>\n<p>Un mural pint\u00e1u pol artista gr\u00e1ficu <strong><span style=\"color: #008080\">Tedi Skf<\/span><\/strong> colos escolares de Les Regueres, nel colexu de Santullano. La pintura, col lema \u2018Equidad\u2019, presenta a tr\u00e9s muyeres referentes del arte, la xaponesa <span style=\"color: #008080\"><strong>Yayoi Kusama<\/strong><\/span>, la mexicana <strong><span style=\"color: #008080\">Frida Kahlo<\/span><\/strong> y l&#8217;escritora sueca <strong><span style=\"color: #008080\">Astrid Lindgren<\/span><\/strong>, autora de Pippi Calzaslargas, n&#8217;una intervenci\u00f3n impulsada pel centru escolar y l&#8217;Asociaci\u00f3n de Families.<\/p>\n<p><!--more--><\/p>\n<p>Un mural pint\u00e1u por del artista gr\u00e1ficu Tedi Skf colos escolares de Les Regueres como ayudantes decora y\u00e1&#8217;l colexu de Santullano, cola imaxe de tr\u00e9s muyeres referentes del arte: l&#8217;artista pl\u00e1stica y \u2018performer\u2019 xaponesa Yayoi Kusama, la pintora mexicana Frida *Kahlo y l&#8217;escritora sueca Astrid Lindgren, autora de Pippi Calzaslargas. El mural, que qued\u00f3 espectacular y bien color\u00edu, tien en grande&#8217;l lema \u00abEquidad\u00bb, y<strong><span style=\"color: #008080\"> busca dar referentes femeninos interesantes y talentosos para impulsar la iguald\u00e1 dende la escuela.<\/span> <\/strong>La intervenci\u00f3n foi impulsada pel centru escolar y l&#8217;Asociaci\u00f3n de Families, y remata el trabayu que realizaron los alumnos y alumnes mientres el tercer trimestre sobro&#8217;l mundu del arte, nuna intervenci\u00f3n impulsada pel centru.<\/p>\n","protected":false},"excerpt":{"rendered":"<p>Fonte: La Voz del Trubia \/ mural Tedi Skf: Instagram \/ Un mural pint\u00e1u pol artista gr\u00e1ficu Tedi Skf colos escolares de Les Regueres, nel colexu de Santullano. La pintura, col lema \u2018Equidad\u2019, presenta a tr\u00e9s muyeres referentes del arte, la xaponesa Yayoi Kusama, la mexicana Frida Kahlo y l&#8217;escritora sueca Astrid Lindgren, autora de [&hellip;]<\/p>\n","protected":false},"author":117,"featured_media":0,"comment_status":"open","ping_status":"open","sticky":false,"template":"","format":"standard","meta":{"footnotes":""},"categories":[89],"tags":[],"class_list":["post-20825","post","type-post","status-publish","format-standard","hentry","category-arte"],"_links":{"self":[{"href":"https:\/\/edublog.educastur.es\/ixuxu\/wp-json\/wp\/v2\/posts\/20825","targetHints":{"allow":["GET"]}}],"collection":[{"href":"https:\/\/edublog.educastur.es\/ixuxu\/wp-json\/wp\/v2\/posts"}],"about":[{"href":"https:\/\/edublog.educastur.es\/ixuxu\/wp-json\/wp\/v2\/types\/post"}],"author":[{"embeddable":true,"href":"https:\/\/edublog.educastur.es\/ixuxu\/wp-json\/wp\/v2\/users\/117"}],"replies":[{"embeddable":true,"href":"https:\/\/edublog.educastur.es\/ixuxu\/wp-json\/wp\/v2\/comments?post=20825"}],"version-history":[{"count":4,"href":"https:\/\/edublog.educastur.es\/ixuxu\/wp-json\/wp\/v2\/posts\/20825\/revisions"}],"predecessor-version":[{"id":20829,"href":"https:\/\/edublog.educastur.es\/ixuxu\/wp-json\/wp\/v2\/posts\/20825\/revisions\/20829"}],"wp:attachment":[{"href":"https:\/\/edublog.educastur.es\/ixuxu\/wp-json\/wp\/v2\/media?parent=20825"}],"wp:term":[{"taxonomy":"category","embeddable":true,"href":"https:\/\/edublog.educastur.es\/ixuxu\/wp-json\/wp\/v2\/categories?post=20825"},{"taxonomy":"post_tag","embeddable":true,"href":"https:\/\/edublog.educastur.es\/ixuxu\/wp-json\/wp\/v2\/tags?post=20825"}],"curies":[{"name":"wp","href":"https:\/\/api.w.org\/{rel}","templated":true}]}}