{"id":20968,"date":"2023-07-21T14:00:10","date_gmt":"2023-07-21T12:00:10","guid":{"rendered":"https:\/\/edublog.educastur.es\/ixuxu\/?p=20968"},"modified":"2023-07-22T21:26:35","modified_gmt":"2023-07-22T19:26:35","slug":"la-osa-de-somiedu-con-cuatro-cries-llogra-rematar-la-crianza","status":"publish","type":"post","link":"https:\/\/edublog.educastur.es\/ixuxu\/2023\/07\/la-osa-de-somiedu-con-cuatro-cries-llogra-rematar-la-crianza\/","title":{"rendered":"La osa de Somiedu con cuatro cr\u00edes llogra rematar la crianza"},"content":{"rendered":"<ul>\n<li>Fonte: <a href=\"https:\/\/lavozdeltrubia.es\/2023\/07\/18\/la-osa-de-somiedo-con-cuatro-crias-logra-culminar-la-crianza\/?fbclid=IwAR1ZGIUNX_qCnSQcX0cqg3IfM1co_SC8xYVpz6joNgS18VfE4GToBP02mFA\">La Voz del Trubia<\/a> \/<\/li>\n<li>Fonte: <a href=\"https:\/\/www.lavozdeasturias.es\/noticia\/asturias\/2023\/07\/19\/peripecias-familia-numerosa-unica-asturias-4-oseznos-independizan-madre\/00031689763100965792940.htm?utm_source=facebook&amp;utm_medium=referral&amp;utm_campaign=fbgen_a\">La Voz<\/a> \/<\/li>\n<li>Fonte: <a href=\"https:\/\/www.fapas.es\/noticias\/mama-ha-dicho-adios-a-sus-4-crias?fbclid=IwAR0fCbwCMUESvXsGR5oJZaue_T20P3yTYp1O4ni5ztKkVATYn_5CdDx6nZw\">FAPAS<\/a> \/<\/li>\n<\/ul>\n<p>El FAPAS constata qu&#8217;esti branu cada unu foise pel so llau empezando un nuevu ciclu de vida. Unu de los esbardos, y\u00e1 pola so cuenta, n&#8217;una imaxe captada por FAPAS.<\/p>\n<p style=\"text-align: center\"><a href=\"https:\/\/cflvdg.avoz.es\/sc\/AZZERlpw7eWsbZ3WTuYMhgBQh4Y=\/768x\/2023\/07\/19\/00121689759791187872898\/Foto\/osezno.jpg\"><img loading=\"lazy\" decoding=\"async\" class=\"aligncenter size-full\" src=\"https:\/\/cflvdg.avoz.es\/sc\/AZZERlpw7eWsbZ3WTuYMhgBQh4Y=\/768x\/2023\/07\/19\/00121689759791187872898\/Foto\/osezno.jpg\" width=\"768\" height=\"432\" \/><\/a><\/p>\n<p><!--more--><\/p>\n<p style=\"text-align: center\"><a href=\"https:\/\/lavozdeltrubia.es\/wp-content\/uploads\/2023\/07\/Captura-de-pantalla-2023-07-18-a-las-12.47.45.png\"><img loading=\"lazy\" decoding=\"async\" class=\"aligncenter size-full\" src=\"https:\/\/lavozdeltrubia.es\/wp-content\/uploads\/2023\/07\/Captura-de-pantalla-2023-07-18-a-las-12.47.45.png\" width=\"797\" height=\"498\" \/><\/a><\/p>\n<p>La osa que tuvo cuatro cr\u00edes nel parque natural de Somiedu, un casu escepcional, llogr\u00f3 sacalos adelantre hasta&#8217;l pasu final: <strong>el momentu de la independencia.<\/strong> Asina lo constat\u00f3&#8217;l FAPAS, que fixo un siguimientu constante de la evoluci\u00f3n d&#8217;esti grupu, nel que cada unu foise pel so llau empezando un nuevu ciclu de vida.<\/p>\n<p>\u00abXuna de les claves por que esta osa sacara a los sos cuatro cachorros adelantre foi&#8217;l <strong>so vezu a movese na nueche, xuna activid\u00e1 muncho m\u00e1s segura que dada la so esperiencia como bona criadora debi\u00f3 d&#8217;aprender a lo llargo de los \u00faltimos a\u00f1os.<\/strong> En mayu, les cr\u00edes y\u00e1 se dixebraron de la so madre y ronden los llugares onde aprendieron a conocer qu&#8217;hai alimentu. Y quiciabes pola so falta d&#8217;esperiencia y desconocimientu de riesgos, nun son tan precav\u00edes y d\u00e9xense ver tami\u00e9n mientres el d\u00eda. Lo cierto ye que col so tama\u00f1u y\u00e1 nun son tan vulnerables\u00bb, se\u00f1ala FAPAS.<\/p>\n<hr \/>\n<p style=\"text-align: center\"><strong><span style=\"color: #008080\">Testu de La Voz en castell\u00e1n<\/span><\/strong><\/p>\n<div class=\"row\">\n<div class=\"col flex sz-dk-60 hdln-blk\">\n<h1 class=\"headline mg-b-2\" style=\"text-align: center\"><span style=\"color: #008080;font-size: 28px\">Las peripecias de una familia numerosa \u00fanica en Asturias: los 4 oseznos se independizan de su madre<\/span><\/h1>\n<h2 class=\"section f-ord-first detalle_cliche_asturias \"><\/h2>\n<\/div>\n<\/div>\n<div class=\"row f-dir-row p-rel\">\n<div class=\"col sz-dk-67 txt-blk\">\n<div class=\"figure\">\n<div class=\"media ratio16-9\"><img decoding=\"async\" src=\"https:\/\/cflvdg.avoz.es\/sc\/480x\/default\/2023\/07\/19\/00121689759791187872898\/Foto\/osezno.jpg\" alt=\"\" \/><\/div>\n<\/div>\n<div class=\"date\">\n<h3 class=\"subtitle t-bld\">El Fapas, que ha realizado un seguimiento desde que salieron de la osera, destaca lo buena criadora que ha sido la madre, que volver\u00e1 a parir en invierno<\/h3>\n<p><span class=\"sz-t-xs\"><strong>19 jul 2023<\/strong> . Actualizado a las 13:38 h.<\/span><\/p>\n<div class=\"share mg-t-2 flex f-dir-row f-align-center\">\n<div class=\"sz-auto\"><a class=\"btn sz-t-xxs fl-r brd\" href=\"https:\/\/www.lavozdeasturias.es\/noticia\/asturias\/2023\/07\/19\/peripecias-familia-numerosa-unica-asturias-4-oseznos-independizan-madre\/00031689763100965792940.htm?utm_source=facebook&amp;utm_medium=referral&amp;utm_campaign=fbgen_a#comments\" aria-label=\"Comentar el art\u00edulo\">Comentar \u00b7 <span class=\"commentscount\" data-site=\"www.lavozdeasturias.es\" data-content-id=\"00031689763100965792940\">5<\/span><\/a><\/div>\n<\/div>\n<\/div>\n<p class=\"first-paragraph txt\">El parto m\u00faltiple de una osa supuso el a\u00f1o pasado una excepcional buena nueva por ser el primero que se hab\u00eda registrado con cuatro cr\u00edas en la cordillera Cant\u00e1brica. Todo un hito en la reproducci\u00f3n de los osos cant\u00e1bricos puesto que el tama\u00f1o medio de las camadas\u00a0era de 1 a 3 oseznos, con m\u00e1s de la mitad formadas por dos cr\u00edas. Las buenas noticias continuaron cuando todos los miembros de esta familia numerosa consiguieron superar la hibernaci\u00f3n en perfecto estado. Y la \u00faltima buena noticia es que los cuatro oseznos ya se han independizado de su madre, que adem\u00e1s probablemente volver\u00e1 a protagonizar otro parto este invierno.<\/p>\n<div id=\"TEXTO_DETALLE_ad_RobapaginasMobile\" class=\"adpos ad_RobapaginasMobile prebid roadblock mobile\" data-ad=\"no\"><\/div>\n<p class=\"txt\">Desde que salieron de su osera, situada en un monte entre los concejos de Belmonte y Somiedo, el Fondo para la Protecci\u00f3n de los Animales Salvajes (Fapas) viene realizando un seguimiento \u00abconstante\u00bb de las peripecias de esta familia osera y ya ha podido comprobar que \u00abcada uno se ha ido por su lado para comenzar un nuevo ciclo de vida\u00bb. En su <a class=\"link-txt\" href=\"https:\/\/www.fapas.es\/\">p\u00e1gina web<\/a>, adem\u00e1s, recuerdan que una de las claves para que la osa sacara adelante a sus cuatro cr\u00edas ha sido su h\u00e1bito de moverse en la noche, \u00abuna actividad mucho m\u00e1s segura que, dada su experiencia como buena\u00a0criadora,\u00a0ha debido de aprender a lo largo de los \u00faltimos a\u00f1os\u00bb.<\/p>\n<p class=\"txt\">De abril es la \u00faltima imagen de la que dispone el Fapas en la que se ve a la familia al completo, \u00abtodos en un magn\u00edfico estado\u00bb. Ya entonces se pudo comprobar la curiosidad que ten\u00edan las cuatro crias, que incluso llegaron a romper una de las c\u00e1maras con las que se les trataba de hacer seguimiento.<\/p>\n<hr \/>\n<\/div>\n<header class=\"post-meta\">\n<h1 class=\"post-title\" style=\"text-align: center\"><span style=\"color: #008080\">MAM\u00c1 HA DICHO ADI\u00d3S A SUS CUATRO CR\u00cdAS<\/span><\/h1>\n<div class=\"time-social\">18 de Julio de 2023 <\/div>\n<p>Desde que salieron de su osera el a\u00f1o pasado, el FAPAS ha podido mantener un seguimiento constante de las peripecias de esta gran familia de osos. Ahora ya cada uno se ha ido por su lado comenzando un nuevo ciclo de vida.<\/p>\n<\/header>\n<div class=\"post-content all-size\">\n<p>Una de las claves para que esta osa sacara a sus cuatro cachorros adelante ha sido su h\u00e1bito a moverse en la noche, una actividad mucho m\u00e1s segura que dada su experiencia como buena\u00a0 criadora\u00a0 ha debido de aprender a lo largo de los \u00faltimos a\u00f1os.<\/p>\n<p><img loading=\"lazy\" decoding=\"async\" src=\"https:\/\/www.fapas.es\/ckeditor_assets\/pictures\/3640\/content_1.jpg\" alt=\"\" width=\"1200\" height=\"663\" \/><\/p>\n<p>Esta imagen de finales de Abril es la \u00faltima en la que hemos podido localizar juntas a la madre y los cuatro oseznos, comprobando que todos se encuentran en un magn\u00edfico estado. Nos imaginamos lo que habr\u00e1 sido la osera donde han pasado el invierno, una peque\u00f1a cueva donde por mucho fr\u00edo que hiciera afuera,\u00a0 se han resguardado d\u00e1ndose calor\u00a0 entre ellos, vamos, \u00a1menuda bola de pelos!<\/p>\n<p>En Mayo, las cr\u00edas\u00a0 ya se han separado de su madre y rondan los lugares donde han aprendido a conocer\u00a0\u00a0 que hay alimento. Y quiz\u00e1s por su falta de experiencia y desconocimiento de riesgos,\u00a0 no son tan precavidas y se dejan ver tambi\u00e9n durante el d\u00eda.<\/p>\n<p><img loading=\"lazy\" decoding=\"async\" src=\"https:\/\/www.fapas.es\/ckeditor_assets\/pictures\/3641\/content_2.jpg\" alt=\"\" width=\"1141\" height=\"738\" \/><\/p>\n<p><img loading=\"lazy\" decoding=\"async\" src=\"https:\/\/www.fapas.es\/ckeditor_assets\/pictures\/3642\/content_3.jpg\" alt=\"\" width=\"1084\" height=\"704\" \/><\/p>\n<p>Lo cierto es que\u00a0 con su tama\u00f1o ya no son tan vulnerables y\u00a0 depredadores como el \u00e1guila real\u00a0 no podr\u00edan con ellas, as\u00ed que tomarse un descanso dentro del bosque no supone mayor riesgo.<\/p>\n<h3>Mam\u00e1 busca novio<\/h3>\n<p>Y mientras tanto, mam\u00e1 ya est\u00e1 de nuevo iniciando su ciclo reproductor y a mediados de Mayo, la podemos localizar\u00a0 con uno de sus novios para volver a\u00a0 tener a sus peque\u00f1os\u00a0 en el pr\u00f3ximo invierno.<\/p>\n<p>Las osas suelen aparearse con varios machos, as\u00ed que \u00a0es muy posible que los cuatro oseznos no todos sean hermanos, sino m\u00e1s bien hermanastros, lo cual es biol\u00f3gicamente muy bueno, sabia que es la naturaleza, que de esta forma\u00a0\u00a0 se produce una mayor variabilidad gen\u00e9tica en la poblaci\u00f3n de osos.<\/p>\n<p><img loading=\"lazy\" decoding=\"async\" src=\"https:\/\/www.fapas.es\/ckeditor_assets\/pictures\/3643\/content_4.jpg\" alt=\"\" width=\"1200\" height=\"683\" \/><\/p>\n<p>Mam\u00e1 osa\u00a0 va seguida de un gran macho que la corteja.<\/p>\n<p>Y mientras, cada uno de los oseznos se dedica a lo suyo, a buscar comida dentro del bosque, metiendo las narices en todo aquello que\u00a0 huela interesante.<\/p>\n<p><img loading=\"lazy\" decoding=\"async\" src=\"https:\/\/www.fapas.es\/ckeditor_assets\/pictures\/3644\/content_5.jpg\" alt=\"\" width=\"1200\" height=\"822\" \/><\/p>\n<p>Y si hay algo interesante dentro del bosque es una colmena, aunque esta no est\u00e1\u00a0 en el interior de un \u00e1rbol, es una de las que FAPAS instala para polinizar y resulta irresistible acercarse a ella para averiguar si hay algo comestible.<\/p>\n<p>Las c\u00e1maras del FAPAS han podido realizar el seguimiento de esta prol\u00edfica\u00a0 familia siendo \u00a0la primera vez que se documenta\u00a0 en la Cordillera Cant\u00e1brica. Una\u00a0 productividad\u00a0 \u00a0que posiblemente tenga mucho que ver\u00a0 con la excepcional calidad ecol\u00f3gica de estos montes del norte de Espa\u00f1a donde \u00a0se comprueba tambi\u00e9n con frecuencia la\u00a0 presencia de osas acompa\u00f1adas \u00a0con tres cr\u00edas.<\/p>\n<p>El control y la vigilancia es a\u00fan hoy una necesidad prioritaria para garantizar\u00a0 la buena evoluci\u00f3n de la poblaci\u00f3n de osos en el norte de Espa\u00f1a. El censo de las osas reproductoras sigue siendo clave para conocer de manera eficaz\u00a0 su evoluci\u00f3n. \u00a0M\u00e1s\u00a0 ahora que vemos la torpe manipulaci\u00f3n que se est\u00e1 haciendo a trav\u00e9s de censos gen\u00e9ticos\u00a0 con los que\u00a0\u00a0 se trata de aparentar que la poblaci\u00f3n osera es ya muy grande.<\/p>\n<p><img loading=\"lazy\" decoding=\"async\" src=\"https:\/\/www.fapas.es\/ckeditor_assets\/pictures\/3645\/content_6.jpg\" alt=\"\" width=\"1006\" height=\"670\" \/><\/p>\n<p>Una osa cant\u00e1brica duerme mientras junta a ella juegan sus cr\u00edas.<\/p>\n<p><strong>FAPAS es la \u00fanica ONG independiente que trabaja en la conservaci\u00f3n del oso pardo que est\u00e1 denunciado el fraude de los censos oseros, realizados con t\u00e9cnicas de recogida de muestras biol\u00f3gicas y gen\u00e9ticas manipuladas para aparentar que hay muchos m\u00e1s osos\u00a0 que en la realidad y revalorizar as\u00ed las inversiones millonarias que durante a\u00f1os se est\u00e1n realizando para proteger a los osos y cuyos resultados en muchos casos son m\u00e1s que dudosos.<\/strong><\/p>\n<p>&nbsp;<\/p>\n<\/div>\n<\/div>\n","protected":false},"excerpt":{"rendered":"<p>Fonte: La Voz del Trubia \/ Fonte: La Voz \/ Fonte: FAPAS \/ El FAPAS constata qu&#8217;esti branu cada unu foise pel so llau empezando un nuevu ciclu de vida. Unu de los esbardos, y\u00e1 pola so cuenta, n&#8217;una imaxe captada por FAPAS.<\/p>\n","protected":false},"author":117,"featured_media":0,"comment_status":"open","ping_status":"open","sticky":false,"template":"","format":"standard","meta":{"footnotes":""},"categories":[4],"tags":[],"class_list":["post-20968","post","type-post","status-publish","format-standard","hentry","category-natura"],"_links":{"self":[{"href":"https:\/\/edublog.educastur.es\/ixuxu\/wp-json\/wp\/v2\/posts\/20968","targetHints":{"allow":["GET"]}}],"collection":[{"href":"https:\/\/edublog.educastur.es\/ixuxu\/wp-json\/wp\/v2\/posts"}],"about":[{"href":"https:\/\/edublog.educastur.es\/ixuxu\/wp-json\/wp\/v2\/types\/post"}],"author":[{"embeddable":true,"href":"https:\/\/edublog.educastur.es\/ixuxu\/wp-json\/wp\/v2\/users\/117"}],"replies":[{"embeddable":true,"href":"https:\/\/edublog.educastur.es\/ixuxu\/wp-json\/wp\/v2\/comments?post=20968"}],"version-history":[{"count":3,"href":"https:\/\/edublog.educastur.es\/ixuxu\/wp-json\/wp\/v2\/posts\/20968\/revisions"}],"predecessor-version":[{"id":20990,"href":"https:\/\/edublog.educastur.es\/ixuxu\/wp-json\/wp\/v2\/posts\/20968\/revisions\/20990"}],"wp:attachment":[{"href":"https:\/\/edublog.educastur.es\/ixuxu\/wp-json\/wp\/v2\/media?parent=20968"}],"wp:term":[{"taxonomy":"category","embeddable":true,"href":"https:\/\/edublog.educastur.es\/ixuxu\/wp-json\/wp\/v2\/categories?post=20968"},{"taxonomy":"post_tag","embeddable":true,"href":"https:\/\/edublog.educastur.es\/ixuxu\/wp-json\/wp\/v2\/tags?post=20968"}],"curies":[{"name":"wp","href":"https:\/\/api.w.org\/{rel}","templated":true}]}}