{"id":20978,"date":"2023-07-21T10:00:04","date_gmt":"2023-07-21T08:00:04","guid":{"rendered":"https:\/\/edublog.educastur.es\/ixuxu\/?p=20978"},"modified":"2023-07-22T21:13:49","modified_gmt":"2023-07-22T19:13:49","slug":"la-boda-vaqueira-mas-quuna-simple-boda","status":"publish","type":"post","link":"https:\/\/edublog.educastur.es\/ixuxu\/2023\/07\/la-boda-vaqueira-mas-quuna-simple-boda\/","title":{"rendered":"La boda vaqueira, m\u00e1s qu&#8217;una simple boda"},"content":{"rendered":"<ul>\n<li><a href=\"https:\/\/verasturies.com\/boda-vaqueira\/?fbclid=IwAR3CS5Dy97zfXhu3rnb3O79-i0gaMFDnjcXHYEhAefCBVTmsCkWrGF8O-bU\">Fonte: Ver Asturies<\/a> \/<\/li>\n<\/ul>\n<p style=\"text-align: center\"><a href=\"https:\/\/verasturies.com\/wp-content\/uploads\/2023\/06\/1437381529.jpg\"><img loading=\"lazy\" decoding=\"async\" class=\"aligncenter size-full\" src=\"https:\/\/verasturies.com\/wp-content\/uploads\/2023\/06\/1437381529.jpg\" width=\"600\" height=\"400\" \/><\/a><\/p>\n<p>La boda vaqueira ye unu de los momentos m\u00e1s importantes de la cultura vaqueira. Los matrimonios mistos (vaqueiros y xaldos) yeren escasos, una y bones la condici\u00f3n de grupu minoritariu, marxin\u00e1u y con una forma de vida distinta, pastoril y trashumante fa\u00eda que nun abondaren esti tipu de relaciones.<\/p>\n<p><!--more--><\/p>\n<p>Tou ello foment\u00f3 l&#8217;apaici\u00f3n d&#8217;una serie de pautes de conductes sociales y culturales propies que nos acontecimientos importantes de la vida del vaqueiru, como&#8217;l matrimoniu, manifiestense na participaci\u00f3n de too el colectivu social n&#8217;una gran amuesa de solidarid\u00e1 grupal y na que s&#8217;asoceden dellos momentos importantes.<\/p>\n<p>De primeres, antes de la boda vaqueira, asocede&#8217;l conciertu. El padre del noviu va a casa de la novia y ell\u00ed determinar y regatia lo que cada c\u00f3nyuge hai de llevar al matrimoniu. Darr\u00e9u, el d\u00eda de la boda, la comitiva formada polos novios, padrinos ya invitaos, va precedida de la dote llevada nun carru del pa\u00eds tir\u00e1u por dos vaques. N\u00e9l llevaba un bagul con ropa blanco, arrodi\u00e1u de dellos sacos de trigu y los enseres que compon\u00eden la dote. Enriba de too va la cama matrimonial, na que resalten los encaxes de les s\u00e1banes, de les almaes y los primores de la colcha. Y a lo \u00faltimo, la cesta de la madrina, afatada con llazos que contienen pan, mantega, g\u00fcevos y duces.<\/p>\n<p><strong>Tres la boda, tien llugar la t\u00edpica comida vaqueira, compuesta por xam\u00f3n coc\u00edu, choscu, empanada, bollu pre\u00f1\u00e1u, frixuelos, nata montada de les bra\u00f1es y caf\u00e9 de pucheru.<\/strong><\/p>\n<p>La Vaqueirada<\/p>\n<p>Esta tradici\u00f3n de la cultura vaqueira y\u00e1 nun ye com\u00fan nos nuesos d\u00edes. Sicas\u00ed, pa recordalo y caltenelo, cada \u00faltimu domingu de xunetu cel\u00e9brase na bra\u00f1a d&#8217;Arist\u00e9banu, la frontera ente los conceyos de Vald\u00e9s y Tin\u00e9u, El Festival Vaqueiru y de La Vaqueirada. Danse cita nel campu, alredor de la Capiya de La Divina Pastora, novios y familiares, vaqueiros y turistes, asturianos y estranxeros. Y ye dignu mentar el pintorescu espect\u00e1culu de la comitiva Vaqueira, la comida campestre, el concursu de coros y dances Vaqueires sobre improvis\u00e1u tablaos, y les coples y romances del m\u00e1s vivu sabor bra\u00f1eril.<\/p>\n<p>Sicas\u00ed, la cultura vaqueira nun ye solo esto y tien muncho m\u00e1s, que puedes afayar. por casu, con una ruta pol coraz\u00f3n de les sos bra\u00f1es.<\/p>\n","protected":false},"excerpt":{"rendered":"<p>Fonte: Ver Asturies \/ La boda vaqueira ye unu de los momentos m\u00e1s importantes de la cultura vaqueira. Los matrimonios mistos (vaqueiros y xaldos) yeren escasos, una y bones la condici\u00f3n de grupu minoritariu, marxin\u00e1u y con una forma de vida distinta, pastoril y trashumante fa\u00eda que nun abondaren esti tipu de relaciones.<\/p>\n","protected":false},"author":117,"featured_media":0,"comment_status":"open","ping_status":"open","sticky":false,"template":"","format":"standard","meta":{"footnotes":""},"categories":[21,113],"tags":[],"class_list":["post-20978","post","type-post","status-publish","format-standard","hentry","category-fiestes","category-tradiciones"],"_links":{"self":[{"href":"https:\/\/edublog.educastur.es\/ixuxu\/wp-json\/wp\/v2\/posts\/20978","targetHints":{"allow":["GET"]}}],"collection":[{"href":"https:\/\/edublog.educastur.es\/ixuxu\/wp-json\/wp\/v2\/posts"}],"about":[{"href":"https:\/\/edublog.educastur.es\/ixuxu\/wp-json\/wp\/v2\/types\/post"}],"author":[{"embeddable":true,"href":"https:\/\/edublog.educastur.es\/ixuxu\/wp-json\/wp\/v2\/users\/117"}],"replies":[{"embeddable":true,"href":"https:\/\/edublog.educastur.es\/ixuxu\/wp-json\/wp\/v2\/comments?post=20978"}],"version-history":[{"count":1,"href":"https:\/\/edublog.educastur.es\/ixuxu\/wp-json\/wp\/v2\/posts\/20978\/revisions"}],"predecessor-version":[{"id":20979,"href":"https:\/\/edublog.educastur.es\/ixuxu\/wp-json\/wp\/v2\/posts\/20978\/revisions\/20979"}],"wp:attachment":[{"href":"https:\/\/edublog.educastur.es\/ixuxu\/wp-json\/wp\/v2\/media?parent=20978"}],"wp:term":[{"taxonomy":"category","embeddable":true,"href":"https:\/\/edublog.educastur.es\/ixuxu\/wp-json\/wp\/v2\/categories?post=20978"},{"taxonomy":"post_tag","embeddable":true,"href":"https:\/\/edublog.educastur.es\/ixuxu\/wp-json\/wp\/v2\/tags?post=20978"}],"curies":[{"name":"wp","href":"https:\/\/api.w.org\/{rel}","templated":true}]}}