{"id":20995,"date":"2023-07-20T14:00:25","date_gmt":"2023-07-20T12:00:25","guid":{"rendered":"https:\/\/edublog.educastur.es\/ixuxu\/?p=20995"},"modified":"2023-07-22T21:41:43","modified_gmt":"2023-07-22T19:41:43","slug":"julia-gonzalez-la-nena-de-10-anos-que-conquistal-visu-mas-altu-de-picos-deuropa","status":"publish","type":"post","link":"https:\/\/edublog.educastur.es\/ixuxu\/2023\/07\/julia-gonzalez-la-nena-de-10-anos-que-conquistal-visu-mas-altu-de-picos-deuropa\/","title":{"rendered":"Julia Gonz\u00e1lez, la ne\u00f1a de 10 a\u00f1os que conquista&#8217;l visu m\u00e1s altu de Picos d&#8217;Europa"},"content":{"rendered":"<p style=\"text-align: center\"><a href=\"https:\/\/cflvdg.avoz.es\/sc\/xyC8i_luF6lpoea6Zx-2GRN9dPY=\/768x\/2023\/07\/19\/00121689769486956432755\/Foto\/juliacumbre.jpg\"><img loading=\"lazy\" decoding=\"async\" class=\"aligncenter size-full\" src=\"https:\/\/cflvdg.avoz.es\/sc\/xyC8i_luF6lpoea6Zx-2GRN9dPY=\/768x\/2023\/07\/19\/00121689769486956432755\/Foto\/juliacumbre.jpg\" width=\"768\" height=\"432\" \/><\/a><\/p>\n<p>Julia Gonz\u00e1lez Sope\u00f1a, la ne\u00f1a de 10 a\u00f1os que conquista&#8217;l visu m\u00e1s altu de Picos d&#8217;Europa. Julia nel cume de Torrecerredo<\/p>\n<ul>\n<li><a href=\"https:\/\/www.lavozdeasturias.es\/noticia\/asturias\/2023\/07\/19\/julia-gonzalez-nina-10-anos-conquista-cima-alta-picos-europa\/00031689768557703805335.htm?fbclid=IwAR1dCgO1cST0dq0i2Q69UYX-aXRPTIy4WeGO1xQlaLXyHpD3VPsV9aW0zAw\">Fonte: La Voz de Asturias<\/a><\/li>\n<\/ul>\n<p><!--more--><\/p>\n<p>Con apenes diez a\u00f1os la cabraliega coron\u00f3&#8217;l cume de Torrecerredo, el techu de los Picos d&#8217;Europa y del Cordal Cant\u00e1bricu.<\/p>\n<p>Con apenes diez a\u00f1os, Julia Gonz\u00e1lez Sope\u00f1a,<strong> vecina de Po de Cabrales<\/strong>, y\u00e1 sabe lo que ye encarar unu cume de casi 2.700 metros. Y ye que la peque\u00f1a coron\u00f3 nin m\u00e1s nin menos que Torrecerredo, tou un techu de los Picos d&#8217;Europa y del cordal cant\u00e1bricu.<\/p>\n<p>Ye parte de la \u00faltima xeneraci\u00f3n d&#8217;una familia con una llarga tradici\u00f3n monta\u00f1era. Bastante ye que el so padre, Sergio Gonz\u00e1lez Bada, ye guarda del abelugu del Urriellu y el so primu, Jorge Gonz\u00e1lez Bada, guarda del abelugu d&#8217;H.ou de Los Cabrones, ostenta&#8217;l r\u00e9cord de ser el cabraliegu m\u00e1s nuevu en xubir al Urriellu, con ocho a\u00f1os d&#8217;ed\u00e1.<\/p>\n<p>Ellos dos fueron, precisamente, los qu&#8217;acompa\u00f1aron a Julia nel so particular ritu inici\u00e1tico. Sergio Gonz\u00e1lez Bada esplica qu&#8217;un ascensu como&#8217;l qu&#8217;acaba de completar Julia \u00abnun se plania nun d\u00eda\u00bb. \u00abEmpezamos a cubrir etapes, ensin faer el percorr\u00edu completu\u00bb, apunta y resalta que, nesti casu, l&#8217;ascensu de Julia foi \u00abcuesti\u00f3n de tiempu y esperar\u00bb. \u00abElla l&#8217;a\u00f1u pas\u00e1u quixo xubir, pero pas\u00f3se-y el branu\u00bb, indica.<\/p>\n<p style=\"text-align: center\"><a href=\"https:\/\/cflvdg.avoz.es\/sc\/SBMKMU4QLiWzhwNDGge_V0ctIDk=\/768x\/2023\/07\/19\/00121689769561528192805\/Foto\/juliados.jpg\"><img loading=\"lazy\" decoding=\"async\" class=\"aligncenter size-full\" src=\"https:\/\/cflvdg.avoz.es\/sc\/SBMKMU4QLiWzhwNDGge_V0ctIDk=\/768x\/2023\/07\/19\/00121689769561528192805\/Foto\/juliados.jpg\" width=\"768\" height=\"432\" \/><\/a><\/p>\n<p>Destaca qu&#8217;esa afici\u00f3n \u00aby\u00e1 surdi\u00f3 de fai enforma tiempu\u00bb na so f\u00eda, que dende peque\u00f1a amos\u00f3 \u00abmoliciones\u00bb. Y ye que na familia la precocid\u00e1 a la d&#8217;enfrentase a los cumes ye una t\u00f3nica, una y bones Jorge Gonz\u00e1lez Bada coron\u00f3&#8217;l Urriellu \u00aby\u00e1 con ocho a\u00f1os, al igual qu&#8217;otru primu\u00bb. Julia, esplica&#8217;l so padre, \u00absiempres escuch\u00f3 falar del monte y de les coses cotidianes de los abelugos\u00bb y \u00abcon ocho a\u00f1os y\u00e1 xubi\u00f3 al abelugu del Urriellu\u00bb.<\/p>\n<p>N&#8217;efectu, esta nueva cabraliega con tan solo 8 a\u00f1os empez\u00f3 a realizar percorr\u00edos polos m\u00e1s de 120 kil\u00f3metros de la Petrina Verde de Cabrales. \u00abCon ella salimos a caminar pembaxo pel hibiernu\u00bb, afirma Sergio, que resalta que la so f\u00eda tami\u00e9n \u00abta de practicar esqu\u00ed y coses asina\u00bb. Tres tr\u00e9s d\u00edes d&#8217;espera, hasta que lleg\u00f3&#8217;l momentu fayadizu poles condiciones climatol\u00f3xiques, padre y f\u00eda empezaron el so ascensu&#8217;l 13 de xunetu, al que s&#8217;incorpor\u00f3 Jorge Gonz\u00e1lez Bada na base del Torrecerredo.<\/p>\n<p style=\"text-align: center\"><a href=\"https:\/\/cflvdg.avoz.es\/sc\/C9XzGgFAnRqkq5rJCYeSfhTiSV8=\/768x\/2023\/07\/19\/00121689769625604391853\/Foto\/juliatres.jpg\"><img loading=\"lazy\" decoding=\"async\" class=\"aligncenter size-full\" src=\"https:\/\/cflvdg.avoz.es\/sc\/C9XzGgFAnRqkq5rJCYeSfhTiSV8=\/768x\/2023\/07\/19\/00121689769625604391853\/Foto\/juliatres.jpg\" width=\"768\" height=\"432\" \/><\/a><br \/>\nJorge Gonz\u00e1lez Bada y Julia Gonz\u00e1lez Sope\u00f1a<\/p>\n<p>El llogru, magar tou, nun foi f\u00e1cil. \u00abComo Alcaraz tuvo baxones na final de Wimbledon, Julia tami\u00e9n pas\u00f3 por esos momentos\u00bb, almite&#8217;l so padre, magar matiza que \u00abla mayor\u00eda del percorr\u00edu foi sac\u00e1u adelantre por ella mesma\u00bb y \u00aba pesar del calor pudo llegar\u00bb. Considera que \u00abye un arguyu que lo haya consigu\u00edu\u00bb. Sergio Gonz\u00e1lez Bada indica que la xubida llevola a cabu \u00aben cuatro hores y media, y a la vuelta con m\u00e1s tranquilid\u00e1\u00bb. \u00abComimos nel cume, paramos a enfrescar nos neveros, nos recostamos en zones de solombra&#8230;\u00bb numbera.<\/p>\n<p><strong>En total fueron \u00abxunas 11 hores\u00bb d&#8217;aventura<\/strong>, ideales para \u00abesfrutar d&#8217;esi tiempu que los padres siempres queremos tener pa tar colos f\u00edos, ver les sos coses y escuchalos\u00bb. Un ascensu y descensu qu&#8217;aprovech\u00f3 para \u00abdir esplic\u00e1ndo-y la naturaleza de les formaciones caliares de los picos, lo que ye un h.ou, la flora&#8230;\u00bb, magar almite que la so f\u00eda \u00abcontrola de naturaleza casi m\u00e1s que yo\u00bb. Reconoz que \u00abl&#8217;Urriellu ye&#8217;l pr\u00f3ximu retu que tien nel horizonte&#8230; pero hai qu&#8217;esperar\u00bb. Para eso queda enforma tiempu de \u00abpracticar con cuerdes y caciplos hasta cuando ella crea que ta preparada\u00bb.<\/p>\n","protected":false},"excerpt":{"rendered":"<p>Julia Gonz\u00e1lez Sope\u00f1a, la ne\u00f1a de 10 a\u00f1os que conquista&#8217;l visu m\u00e1s altu de Picos d&#8217;Europa. Julia nel cume de Torrecerredo Fonte: La Voz de Asturias<\/p>\n","protected":false},"author":117,"featured_media":0,"comment_status":"open","ping_status":"open","sticky":false,"template":"","format":"standard","meta":{"footnotes":""},"categories":[311],"tags":[],"class_list":["post-20995","post","type-post","status-publish","format-standard","hentry","category-montes"],"_links":{"self":[{"href":"https:\/\/edublog.educastur.es\/ixuxu\/wp-json\/wp\/v2\/posts\/20995","targetHints":{"allow":["GET"]}}],"collection":[{"href":"https:\/\/edublog.educastur.es\/ixuxu\/wp-json\/wp\/v2\/posts"}],"about":[{"href":"https:\/\/edublog.educastur.es\/ixuxu\/wp-json\/wp\/v2\/types\/post"}],"author":[{"embeddable":true,"href":"https:\/\/edublog.educastur.es\/ixuxu\/wp-json\/wp\/v2\/users\/117"}],"replies":[{"embeddable":true,"href":"https:\/\/edublog.educastur.es\/ixuxu\/wp-json\/wp\/v2\/comments?post=20995"}],"version-history":[{"count":3,"href":"https:\/\/edublog.educastur.es\/ixuxu\/wp-json\/wp\/v2\/posts\/20995\/revisions"}],"predecessor-version":[{"id":20998,"href":"https:\/\/edublog.educastur.es\/ixuxu\/wp-json\/wp\/v2\/posts\/20995\/revisions\/20998"}],"wp:attachment":[{"href":"https:\/\/edublog.educastur.es\/ixuxu\/wp-json\/wp\/v2\/media?parent=20995"}],"wp:term":[{"taxonomy":"category","embeddable":true,"href":"https:\/\/edublog.educastur.es\/ixuxu\/wp-json\/wp\/v2\/categories?post=20995"},{"taxonomy":"post_tag","embeddable":true,"href":"https:\/\/edublog.educastur.es\/ixuxu\/wp-json\/wp\/v2\/tags?post=20995"}],"curies":[{"name":"wp","href":"https:\/\/api.w.org\/{rel}","templated":true}]}}