{"id":2108,"date":"2020-12-12T10:00:29","date_gmt":"2020-12-12T08:00:29","guid":{"rendered":"https:\/\/edublog.educastur.es\/ixuxu\/?p=2108"},"modified":"2021-01-09T21:26:47","modified_gmt":"2021-01-09T19:26:47","slug":"lasturicu-la-llingua-de-los-astures","status":"publish","type":"post","link":"https:\/\/edublog.educastur.es\/ixuxu\/2020\/12\/lasturicu-la-llingua-de-los-astures\/","title":{"rendered":"Art\u00edculu d\u00b4inter\u00e9s: \u00abL\u2019ASTURICU, LA LLINGUA DE LOS \u00c1STURES\u00bb."},"content":{"rendered":"<p><span style=\"font-size: 16px;color: #800080\"><em>Quer\u00edos alumnos de Llingua, <strong>encami\u00e9ntovos lleer por favor esti perinteresante art\u00edculu<\/strong> public\u00e1u pola Lliga Celta d&#8217;Asturies. Asina mesmu,<strong><a href=\"https:\/\/www.facebook.com\/LligaCeltadAsturies\"> siguir esta p\u00e1xina<\/a><\/strong> y <strong><a href=\"https:\/\/edublog.educastur.es\/ixuxu\/revistes\/astor\/\">echar un g\u00fceyu a les sos revistes, \u00abAstor\u00bb.<\/a><\/strong> De toes formes, veremos daqu\u00e9 en clas. <\/em><\/span><\/p>\n<hr \/>\n<p style=\"text-align: center\"><em><img loading=\"lazy\" decoding=\"async\" class=\"alignnone aligncenter\" src=\"https:\/\/lligaceltadasturies.files.wordpress.com\/2019\/07\/llogu_final.jpg?w=600\" width=\"139\" height=\"134\" \/><\/em><\/p>\n<ul>\n<li>\n<h4 class=\"entry-title\"><em><a href=\"https:\/\/lligaceltadasturies.wordpress.com\/2017\/01\/28\/lastur-la-llingua-de-los-astures\/\">L\u2019ASTURICU, LA LLINGUA DE LOS\u00a0\u00c1STURES.<\/a><\/em><\/h4>\n<\/li>\n<li><a href=\"https:\/\/lligaceltadasturies.wordpress.com\"><span style=\"font-size: 20px\"><em><strong>Lliga Celta d\u00b4Asturies<\/strong><\/em><\/span><\/a><\/li>\n<li><a href=\"https:\/\/www.facebook.com\/LligaCeltadAsturies\"><span style=\"font-size: 20px\"><em>Noticies nel Facebook<\/em><\/span><\/a><\/li>\n<li>\n<div>\n<div class=\"dwo3fsh8 g5ia77u1 rt8b4zig n8ej3o3l agehan2d sk4xxmp2 rq0escxv q9uorilb kvgmc6g5 cxmmr5t8 oygrvhab hcukyx3x jb3vyjys rz4wbd8a qt6c0cv9 a8nywdso l9j0dhe7 i1ao9s8h k4urcfbm\">\n<div class=\"j83agx80 cbu4d94t sj5x9vvc cxgpxx05\">\n<div class=\"rq0escxv l9j0dhe7 du4w35lb j83agx80 pfnyh3mw jifvfom9 ll8tlv6m owycx6da btwxx1t3 hv4rvrfc dati1w0a jb3vyjys b5q2rw42 lq239pai mysgfdmx hddg9phg\">\n<div class=\"rq0escxv l9j0dhe7 du4w35lb j83agx80 cbu4d94t g5gj957u d2edcug0 hpfvmrgz rj1gh0hx buofh1pr o8rfisnq p8fzw8mz pcp91wgn iuny7tx3 ipjc6fyt\">\n<div class=\"j83agx80 cbu4d94t ew0dbk1b irj2b8pg\">\n<div class=\"qzhwtbm6 knvmm38d\"><span class=\"d2edcug0 hpfvmrgz qv66sw1b c1et5uql rrkovp55 a8c37x1j keod5gw0 nxhoafnm aigsh9s9 d3f4x2em fe6kdd0r mau55g9w c8b282yb iv3no6db jq4qci2q a3bd9o3v knj5qynh oo9gr5id hzawbc8m\" dir=\"auto\"><span class=\"d2edcug0 hpfvmrgz qv66sw1b c1et5uql rrkovp55 jq4qci2q a3bd9o3v knj5qynh py34i1dx\"><a class=\"oajrlxb2 g5ia77u1 qu0x051f esr5mh6w e9989ue4 r7d6kgcz rq0escxv nhd2j8a9 nc684nl6 p7hjln8o kvgmc6g5 cxmmr5t8 oygrvhab hcukyx3x jb3vyjys rz4wbd8a qt6c0cv9 a8nywdso i1ao9s8h esuyzwwr f1sip0of lzcic4wl py34i1dx gpro0wi8\" role=\"link\" href=\"mailto:lligaceltadasturies@gmail.com\" target=\"_blank\" rel=\"noopener\">lligaceltadasturies@gmail.com<\/a><\/span><\/span><\/div>\n<\/div>\n<\/div>\n<\/div>\n<\/div>\n<\/div>\n<\/div>\n<\/li>\n<\/ul>\n<p data-adtags-visited=\"true\"><span style=\"font-size: 20px\"><em>L\u2019asturicu foi una llingua paleohisp\u00e1nica del tueru indoeurop\u00e9u falada polos antigos astures nel so territoriu, y conocida poles inscripciones epigr\u00e1fiques, y top\u00f3nimos y te\u00f3nimos tresmit\u00edos poles fontes cl\u00e1siques. L\u2019inxertu del asturicu nel tueru de les lling\u00fces indoeurop\u00e9es ye g\u00fcei casi xeneral, y torga el vieyu discutiniu sobre la posibilid\u00e1 de que na faza astur y c\u00e1ntabra fal\u00e1rense dacuando lling\u00fces eusk\u00e9riques.<\/em><\/span><\/p>\n<p data-adtags-visited=\"true\"><span style=\"font-size: 20px\"><em><!--more--><\/em><\/span><\/p>\n<p data-adtags-visited=\"true\"><span style=\"font-size: 20px\"><em><strong>Rellaci\u00f3n con otres lling\u00fces:<\/strong><\/em><\/span><\/p>\n<p data-adtags-visited=\"true\"><span style=\"font-size: 20px\"><em>\u00dan de los mayores problemes nel momentu d\u2019asignar l\u2019asturicu a una familia lling\u00fc\u00edstica dala, ye\u2019l so asitiamientu ell\u00ed onde confluin los \u00e1mbitos de les dos \u00faniques lling\u00fces indoeurop\u00e9es de la Pen\u00ednsula Ib\u00e9rica, de les que nos lleg\u00e1ren textos escritos . Esto ye, el celt\u00edberu\u00a0ya\u2019l lusitanu. Asina, mientres que\u2019l primeru comparte les innovaciones que definen al tueru lling\u00fc\u00edsticu celta como ye la p\u00e9rdida de -p- en posici\u00f3n d\u2019aniciu ya ente vocales, y que consid\u00e9rase como conditio sine qua non para considerar c\u00e9ltica una llingua (pat\u0113r \/ at\u012br), el lusitanu amuesa trazos lling\u00fc\u00edsticos incompatibles cola conocencia que se ti\u00e9n de la lling\u00fca c\u00e9ltica (Schmidt, Witczak) siendo\u2019l m\u00e1s conoc\u00edu, la caltenencia de la p-.<\/em><\/span><\/p>\n<p data-adtags-visited=\"true\"><a href=\"https:\/\/lligaceltadasturies.files.wordpress.com\/2017\/01\/llc3a1bana-de-medugeno-de-la-xente-de-los-cilurnigos-atopadan-xixc3b3n.jpg\"><img loading=\"lazy\" decoding=\"async\" class=\"alignnone wp-image-913\" src=\"https:\/\/lligaceltadasturies.files.wordpress.com\/2017\/01\/llc3a1bana-de-medugeno-de-la-xente-de-los-cilurnigos-atopadan-xixc3b3n.jpg?w=461&amp;h=243\" alt=\"llabana-de-medugeno-de-la-xente-de-los-cilurnigos-atopadan-xixon\" width=\"461\" height=\"243\" data-attachment-id=\"913\" data-permalink=\"https:\/\/lligaceltadasturies.wordpress.com\/2017\/01\/28\/lastur-la-llingua-de-los-astures\/llabana-de-medugeno-de-la-xente-de-los-cilurnigos-atopadan-xixon\/\" data-orig-file=\"https:\/\/lligaceltadasturies.files.wordpress.com\/2017\/01\/llc3a1bana-de-medugeno-de-la-xente-de-los-cilurnigos-atopadan-xixc3b3n.jpg\" data-orig-size=\"674,356\" data-comments-opened=\"1\" data-image-meta=\"{&quot;aperture&quot;:&quot;0&quot;,&quot;credit&quot;:&quot;&quot;,&quot;camera&quot;:&quot;&quot;,&quot;caption&quot;:&quot;&quot;,&quot;created_timestamp&quot;:&quot;0&quot;,&quot;copyright&quot;:&quot;&quot;,&quot;focal_length&quot;:&quot;0&quot;,&quot;iso&quot;:&quot;0&quot;,&quot;shutter_speed&quot;:&quot;0&quot;,&quot;title&quot;:&quot;&quot;,&quot;orientation&quot;:&quot;1&quot;}\" data-image-title=\"llabana-de-medugeno-de-la-xente-de-los-cilurnigos-atopadan-xixon\" data-image-description=\"\" data-medium-file=\"https:\/\/lligaceltadasturies.files.wordpress.com\/2017\/01\/llc3a1bana-de-medugeno-de-la-xente-de-los-cilurnigos-atopadan-xixc3b3n.jpg?w=300\" data-large-file=\"https:\/\/lligaceltadasturies.files.wordpress.com\/2017\/01\/llc3a1bana-de-medugeno-de-la-xente-de-los-cilurnigos-atopadan-xixc3b3n.jpg?w=674\" \/><\/a><\/p>\n<p data-adtags-visited=\"true\"><em><span style=\"color: #333333\">Ll\u00e1bana de Medugeno de la xente de los Cilurnigos atopada&#8217;n Xix\u00f3n.<\/span><\/em><\/p>\n<p data-adtags-visited=\"true\"><span style=\"font-size: 20px\"><em>Los trazos que\u2019l asturicu conse\u00f1a, dirixense dacuandu n\u2019\u00fan u otru sen, ensiendo la mantenencia o escaezu del fonema \/P\/ el definitoriu pa venceyar la fala de los astures bien col lusitanu bien col celt\u00edberu, y a lo cabero inxertalu o xebralu del tueru de les llig\u00fces c\u00e9ltiques. Con tou, la mayor\u00eda de los autores\u00a0afiten pal astur un aniciu c\u00e9lticu, y darre\u00fa dello, lu encuadren xunta les lling\u00fces vecines de los Vettones, C\u00e1ntabros, Galaicos\u00a0y Vacceos, nel nom\u00e1u subgrupu Hispanu-celta occidental. Endientro d\u2019\u00e9lli, l\u2019astur nun dexa de presentar trazos orixinales que-y dan el so fustaxe propiu.<\/em><\/span><\/p>\n<ul>\n<li data-adtags-visited=\"true\"><strong>Ver<a href=\"https:\/\/lligaceltadasturies.wordpress.com\/2017\/01\/28\/lastur-la-llingua-de-los-astures\/\"> Consonantismu nel art\u00edculu de la Lliga Celta d\u00b4Asturies<\/a><br \/>\n<\/strong><\/li>\n<li data-adtags-visited=\"true\"><a href=\"https:\/\/www.academia.edu\/35100231\/Averamientu_al_asturicu_Vocalizacion_de_les_nasales_del_grau_cero_indo_europeu_Lletres_asturianes_n_117_Ed_Academia_Llingua_Asturiana?auto=download\">Averamientu al ast\u00faricu<\/a><\/li>\n<li data-adtags-visited=\"true\"><a href=\"https:\/\/ast.wikipedia.org\/wiki\/Ast%C3%BAricu\">Ver en Wikipedia.AST<\/a><\/li>\n<\/ul>\n","protected":false},"excerpt":{"rendered":"<p>Quer\u00edos alumnos de Llingua, encami\u00e9ntovos lleer por favor esti perinteresante art\u00edculu public\u00e1u pola Lliga Celta d&#8217;Asturies. Asina mesmu, siguir esta p\u00e1xina y echar un g\u00fceyu a les sos revistes, \u00abAstor\u00bb. De toes formes, veremos daqu\u00e9 en clas. L\u2019ASTURICU, LA LLINGUA DE LOS\u00a0\u00c1STURES. Lliga Celta d\u00b4Asturies Noticies nel Facebook lligaceltadasturies@gmail.com L\u2019asturicu foi una llingua paleohisp\u00e1nica del [&hellip;]<\/p>\n","protected":false},"author":117,"featured_media":0,"comment_status":"closed","ping_status":"open","sticky":false,"template":"","format":"standard","meta":{"footnotes":""},"categories":[19,122],"tags":[],"class_list":["post-2108","post","type-post","status-publish","format-standard","hentry","category-asturies","category-lliga-celta-dasturies"],"_links":{"self":[{"href":"https:\/\/edublog.educastur.es\/ixuxu\/wp-json\/wp\/v2\/posts\/2108","targetHints":{"allow":["GET"]}}],"collection":[{"href":"https:\/\/edublog.educastur.es\/ixuxu\/wp-json\/wp\/v2\/posts"}],"about":[{"href":"https:\/\/edublog.educastur.es\/ixuxu\/wp-json\/wp\/v2\/types\/post"}],"author":[{"embeddable":true,"href":"https:\/\/edublog.educastur.es\/ixuxu\/wp-json\/wp\/v2\/users\/117"}],"replies":[{"embeddable":true,"href":"https:\/\/edublog.educastur.es\/ixuxu\/wp-json\/wp\/v2\/comments?post=2108"}],"version-history":[{"count":9,"href":"https:\/\/edublog.educastur.es\/ixuxu\/wp-json\/wp\/v2\/posts\/2108\/revisions"}],"predecessor-version":[{"id":2928,"href":"https:\/\/edublog.educastur.es\/ixuxu\/wp-json\/wp\/v2\/posts\/2108\/revisions\/2928"}],"wp:attachment":[{"href":"https:\/\/edublog.educastur.es\/ixuxu\/wp-json\/wp\/v2\/media?parent=2108"}],"wp:term":[{"taxonomy":"category","embeddable":true,"href":"https:\/\/edublog.educastur.es\/ixuxu\/wp-json\/wp\/v2\/categories?post=2108"},{"taxonomy":"post_tag","embeddable":true,"href":"https:\/\/edublog.educastur.es\/ixuxu\/wp-json\/wp\/v2\/tags?post=2108"}],"curies":[{"name":"wp","href":"https:\/\/api.w.org\/{rel}","templated":true}]}}