{"id":21108,"date":"2023-07-30T13:47:03","date_gmt":"2023-07-30T11:47:03","guid":{"rendered":"https:\/\/edublog.educastur.es\/ixuxu\/?p=21108"},"modified":"2023-07-30T13:47:43","modified_gmt":"2023-07-30T11:47:43","slug":"gujia-de-actividaes-de-participacion","status":"publish","type":"post","link":"https:\/\/edublog.educastur.es\/ixuxu\/2023\/07\/gujia-de-actividaes-de-participacion\/","title":{"rendered":"Gu\u00eda d&#8217;actividaes de participaci\u00f3n del alumn\u00e1u"},"content":{"rendered":"<p>La Conseyer\u00eda de Presidencia ellabor\u00f3 una gu\u00eda d&#8217;actividaes de participaci\u00f3n empobinaes al alumn\u00e1u y entamaes por etapes educatives. El documentu, el primeru d&#8217;estes caracter\u00edstiques que se publica n&#8217;Asturies, contien un centenar d&#8217;acciones afeches a los niveles d&#8217;Infantil, Primaria, Secundaria, Bachilleratu y Formaci\u00f3n Profesional (FP).<\/p>\n<ul>\n<li>Decarga: <a href=\"https:\/\/acortar.link\/u0JmVc\">https:\/\/acortar.link\/u0JmVc<\/a><\/li>\n<li><a href=\"https:\/\/ria.asturias.es\/RIA\/bitstream\/123456789\/14610\/4\/Gu%c3%ada%20de%20actividades%20de%20participaci%c3%b3n%20por%20etapas%20educativas%20V6.pdf\" target=\"_blank\" rel=\"noopener\">Gu\u00eda de actividades de participaci\u00f3n por etapas educativas V6.pdf<\/a><\/li>\n<\/ul>\n<p><!--more--><\/p>\n<p>El testu pretende incorporar a les aules actividaes d&#8217;aprendizaxe que demuestren que \u201ca participar apri\u00e9ndese participando dende edaes tempranes\u201d, seg\u00fan esplica&#8217;l director xeneral de Gobernanza P\u00fablica, Tresparencia, Participaci\u00f3n Ciudadana y Axenda 2030, Jos\u00e9 Antonio Garm\u00f3n.<\/p>\n<p>Asina, les actividaes destinaes al alumn\u00e1u d&#8217;Infantil pretenden desenvolver competencies venceyaes a la formaci\u00f3n d&#8217;una ciudadan\u00eda activa, cr\u00edtica y participativa. Pela so parte, les acciones dise\u00f1aes para la etapa de <strong>Primaria inciden m\u00e1s na convivencia, la empat\u00eda y el pluralismu.<\/strong> Am\u00e1s, les iniciatives propuestes para Secundaria focalicense na reflex\u00f3n, la conocencia y la crecedera personal o&#8217;l resolvimientu de conflictos, ente que les de Bachilleratu y FP fomenten la collaboraci\u00f3n, la resiliencia y l&#8217;adaptaci\u00f3n al camb\u00e9u. La gu\u00eda incl\u00fai 25 actividaes por ca\u00fana d&#8217;estes etapes.<\/p>\n<p>La Conseyer\u00eda d&#8217;Educaci\u00f3n, al travi\u00e9s de la so web, va apurrir a tolos centros esti material para&#8217;l so llibre usu per parte del profesor\u00e1u.<\/p>\n<p>La ellaboraci\u00f3n del documentu enmarcase nel apueste del Gobiernu d&#8217;Asturies por fomentar la participaci\u00f3n na socied\u00e1 asturiana, col fin de fortalecer el tex\u00edu social y la democracia.<\/p>\n<p>&nbsp;<\/p>\n<p>&nbsp;<\/p>\n<p>&nbsp;<\/p>\n<p>La gu\u00eda puede descargarse en el enlace: <a href=\"https:\/\/acortar.link\/u0JmVc\">https:\/\/acortar.link\/u0JmVc<\/a><\/p>\n","protected":false},"excerpt":{"rendered":"<p>La Conseyer\u00eda de Presidencia ellabor\u00f3 una gu\u00eda d&#8217;actividaes de participaci\u00f3n empobinaes al alumn\u00e1u y entamaes por etapes educatives. El documentu, el primeru d&#8217;estes caracter\u00edstiques que se publica n&#8217;Asturies, contien un centenar d&#8217;acciones afeches a los niveles d&#8217;Infantil, Primaria, Secundaria, Bachilleratu y Formaci\u00f3n Profesional (FP). Decarga: https:\/\/acortar.link\/u0JmVc Gu\u00eda de actividades de participaci\u00f3n por etapas educativas V6.pdf<\/p>\n","protected":false},"author":117,"featured_media":0,"comment_status":"open","ping_status":"open","sticky":false,"template":"","format":"standard","meta":{"footnotes":""},"categories":[1],"tags":[],"class_list":["post-21108","post","type-post","status-publish","format-standard","hentry","category-sin-categoria"],"_links":{"self":[{"href":"https:\/\/edublog.educastur.es\/ixuxu\/wp-json\/wp\/v2\/posts\/21108","targetHints":{"allow":["GET"]}}],"collection":[{"href":"https:\/\/edublog.educastur.es\/ixuxu\/wp-json\/wp\/v2\/posts"}],"about":[{"href":"https:\/\/edublog.educastur.es\/ixuxu\/wp-json\/wp\/v2\/types\/post"}],"author":[{"embeddable":true,"href":"https:\/\/edublog.educastur.es\/ixuxu\/wp-json\/wp\/v2\/users\/117"}],"replies":[{"embeddable":true,"href":"https:\/\/edublog.educastur.es\/ixuxu\/wp-json\/wp\/v2\/comments?post=21108"}],"version-history":[{"count":2,"href":"https:\/\/edublog.educastur.es\/ixuxu\/wp-json\/wp\/v2\/posts\/21108\/revisions"}],"predecessor-version":[{"id":21110,"href":"https:\/\/edublog.educastur.es\/ixuxu\/wp-json\/wp\/v2\/posts\/21108\/revisions\/21110"}],"wp:attachment":[{"href":"https:\/\/edublog.educastur.es\/ixuxu\/wp-json\/wp\/v2\/media?parent=21108"}],"wp:term":[{"taxonomy":"category","embeddable":true,"href":"https:\/\/edublog.educastur.es\/ixuxu\/wp-json\/wp\/v2\/categories?post=21108"},{"taxonomy":"post_tag","embeddable":true,"href":"https:\/\/edublog.educastur.es\/ixuxu\/wp-json\/wp\/v2\/tags?post=21108"}],"curies":[{"name":"wp","href":"https:\/\/api.w.org\/{rel}","templated":true}]}}