{"id":21122,"date":"2023-07-30T14:12:34","date_gmt":"2023-07-30T12:12:34","guid":{"rendered":"https:\/\/edublog.educastur.es\/ixuxu\/?p=21122"},"modified":"2023-07-30T14:12:56","modified_gmt":"2023-07-30T12:12:56","slug":"serie-documental-lhorru","status":"publish","type":"post","link":"https:\/\/edublog.educastur.es\/ixuxu\/2023\/07\/serie-documental-lhorru\/","title":{"rendered":"Serie documental: L&#8217;Horru"},"content":{"rendered":"<ul>\n<li>Fonte: <a href=\"https:\/\/elpais.com\/icon-design\/2023-07-26\/en-asturias-nos-rodean-los-horreos-pero-no-tenemos-ni-idea-sobre-ellos-la-lucha-de-dos-hombres-por-reescribir-la-historia-de-un-patrimonio-incalculable.html?fbclid=IwAR1xBPoESy06pxnyLDiw6IvKqLWAyp7kwp-XWJU9nkJ1UZGETiehrqJmNN8\">El Pa\u00eds<\/a> \/Patrimoniu<\/li>\n<li><a href=\"https:\/\/www.rtpa.es\/tpa-programa-todos:L%27horru_111611135613.html\">TPA<\/a>\u00a0 \/<\/li>\n<\/ul>\n<p style=\"text-align: center\"><a href=\"https:\/\/imagenes.elpais.com\/resizer\/cRYmF6ZjptqbcV-_mUR9oHh12w8=\/1200x675\/cloudfront-eu-central-1.images.arcpublishing.com\/prisa\/IJ6XWCQ3DZEL7JSCNWYDUZCP74.png\"><img loading=\"lazy\" decoding=\"async\" class=\"aligncenter size-full\" src=\"https:\/\/imagenes.elpais.com\/resizer\/cRYmF6ZjptqbcV-_mUR9oHh12w8=\/1200x675\/cloudfront-eu-central-1.images.arcpublishing.com\/prisa\/IJ6XWCQ3DZEL7JSCNWYDUZCP74.png\" width=\"1200\" height=\"675\" \/><\/a><\/p>\n<p>\u201cN&#8217;Asturies arr\u00f3diennos los horros pero nun tenemos nin idea sobro ellos\u201d: la llucha de dos homes por reescribir la hestoria d&#8217;un patrimoniu incalculable. Xuna serie documental pon el focu sobro la riqueza hist\u00f3rico y art\u00edstico d&#8217;estes construcciones rurales a les que pocos hasta agora emprestaron atenci\u00f3n.<\/p>\n<p><!--more--><\/p>\n<div class=\"format-content-p color-b-060\">\n<p>&#8216;L&#8217;horru&#8217;, una serie documental de 5 cap\u00edtulos que nos avera al mundu desconoc\u00edu del horru asturianu pa tresmitinos el so valor testimonial, t\u00e9cnicu y art\u00edsticu, y la so vinculaci\u00f3n sentimental col pueblu que lu dise\u00f1\u00f3.<\/p>\n<p>Esta producci\u00f3n cinematogr\u00e1fica fecha poles productores asturianes La Rebequina y Art&amp;Life, va ense\u00f1anos cada horru d\u2019una manera nunca vista hasta la fecha. Al travi\u00e9s d\u2019im\u00e1xenes a\u00e9rees y illuminaci\u00f3n nocturna vamos descubrir los horros como los aut\u00e9nticos monumentos qu\u2019en verd\u00e1 son.<\/p>\n<p>&#8216;L&#8217;horru&#8217;, una serie fundamental que nos convida a descubrir les sos claves y secretos. Una producci\u00f3n que va cambiar pa siempre la nuestra manera de mirar y sentir los horros.<\/p>\n<\/div>\n<p style=\"text-align: center\">\n<!-- iframe plugin v.6.0 wordpress.org\/plugins\/iframe\/ -->\n<iframe loading=\"lazy\" width=\"100%\" height=\"395\" src=\"https:\/\/www.youtube.com\/embed\/tYSrSWaAuO0\" title=\"L&#039;Horru trailer\" frameborder=\"0\" allow=\"accelerometer; autoplay; clipboard-write; encrypted-media; gyroscope; picture-in-picture; web-share\" 0=\"allowfullscreen\" 1=\"\/iframe\" scrolling=\"yes\" class=\"iframe-class\"><\/iframe>\n<\/p>\n","protected":false},"excerpt":{"rendered":"<p>Fonte: El Pa\u00eds \/Patrimoniu TPA\u00a0 \/ \u201cN&#8217;Asturies arr\u00f3diennos los horros pero nun tenemos nin idea sobro ellos\u201d: la llucha de dos homes por reescribir la hestoria d&#8217;un patrimoniu incalculable. Xuna serie documental pon el focu sobro la riqueza hist\u00f3rico y art\u00edstico d&#8217;estes construcciones rurales a les que pocos hasta agora emprestaron atenci\u00f3n.<\/p>\n","protected":false},"author":117,"featured_media":0,"comment_status":"open","ping_status":"open","sticky":false,"template":"","format":"standard","meta":{"footnotes":""},"categories":[116],"tags":[],"class_list":["post-21122","post","type-post","status-publish","format-standard","hentry","category-horru"],"_links":{"self":[{"href":"https:\/\/edublog.educastur.es\/ixuxu\/wp-json\/wp\/v2\/posts\/21122","targetHints":{"allow":["GET"]}}],"collection":[{"href":"https:\/\/edublog.educastur.es\/ixuxu\/wp-json\/wp\/v2\/posts"}],"about":[{"href":"https:\/\/edublog.educastur.es\/ixuxu\/wp-json\/wp\/v2\/types\/post"}],"author":[{"embeddable":true,"href":"https:\/\/edublog.educastur.es\/ixuxu\/wp-json\/wp\/v2\/users\/117"}],"replies":[{"embeddable":true,"href":"https:\/\/edublog.educastur.es\/ixuxu\/wp-json\/wp\/v2\/comments?post=21122"}],"version-history":[{"count":2,"href":"https:\/\/edublog.educastur.es\/ixuxu\/wp-json\/wp\/v2\/posts\/21122\/revisions"}],"predecessor-version":[{"id":21124,"href":"https:\/\/edublog.educastur.es\/ixuxu\/wp-json\/wp\/v2\/posts\/21122\/revisions\/21124"}],"wp:attachment":[{"href":"https:\/\/edublog.educastur.es\/ixuxu\/wp-json\/wp\/v2\/media?parent=21122"}],"wp:term":[{"taxonomy":"category","embeddable":true,"href":"https:\/\/edublog.educastur.es\/ixuxu\/wp-json\/wp\/v2\/categories?post=21122"},{"taxonomy":"post_tag","embeddable":true,"href":"https:\/\/edublog.educastur.es\/ixuxu\/wp-json\/wp\/v2\/tags?post=21122"}],"curies":[{"name":"wp","href":"https:\/\/api.w.org\/{rel}","templated":true}]}}