{"id":21135,"date":"2023-07-30T14:27:37","date_gmt":"2023-07-30T12:27:37","guid":{"rendered":"https:\/\/edublog.educastur.es\/ixuxu\/?p=21135"},"modified":"2023-07-30T14:30:22","modified_gmt":"2023-07-30T12:30:22","slug":"21135","status":"publish","type":"post","link":"https:\/\/edublog.educastur.es\/ixuxu\/2023\/07\/21135\/","title":{"rendered":"La sablera m\u00e1s pequena del mundu, n&#8217;Asturies"},"content":{"rendered":"<ul>\n<li>Fonte:<a href=\"https:\/\/www.elespanol.com\/espana\/20230726\/playa-pequena-mundo-espana-sin-olas-cuevas-solo-lleva-minuto-recorrerla\/780172381_0.html?utm_source=sbi&amp;utm_medium=social&amp;utm_campaign=sbi&amp;fbclid=IwAR02MD8HPiwwQd172wVvpI3fDvb7mrX8d_sMAqZCgRaicrfLMgv6dlCwPSw\"> El Espa\u00f1ol<\/a> \/ <a href=\"https:\/\/twitter.com\/i\/status\/1114273308726505472\">Videu<\/a> \/<\/li>\n<\/ul>\n<p style=\"text-align: center\"><a href=\"https:\/\/s1.eestatic.com\/2023\/07\/19\/espana\/780182642_234823656_1706x960.jpg\"><img loading=\"lazy\" decoding=\"async\" class=\"aligncenter size-full\" src=\"https:\/\/s1.eestatic.com\/2023\/07\/19\/espana\/780182642_234823656_1706x960.jpg\" width=\"1706\" height=\"960\" \/><\/a><\/p>\n<p>La sablera m\u00e1s pequena del mundu ta n&#8217;Espa\u00f1a: ensin foles, ente cueves y nam\u00e1 lleva un minutu percorrela Esti enclave de la xeograf\u00eda espa\u00f1ola form\u00f3se gracies a xuna rede de canales. Asitiada a unos 100 metros del oc\u00e9anu y ta arrodiada por vexetaci\u00f3n.<\/p>\n<p><!--more--><\/p>\n<p>Hai gustos pa toos. N&#8217;Espa\u00f1a, les sableres ufierten kil\u00f3metros de sable y mar, rincones escond\u00edos ente pinares y balnearios con chiringos o chigres llaraos de braniantes. Cada unu puede escoyer lo que m\u00e1s yos pruye y cada unu va atopar el so rinc\u00f3n perfectu pa faer lo que se va a faer agora a cualquier sitiu: sacase xuna semeya y publicalo en redes.<\/p>\n<p>Quiciabes los enclaves remotos procuren m\u00e1s opciones de &#8216;like&#8217;. Los m\u00e1s ocultos, nos que nun haya que tullir la imaxe hasta convertila nun sellu nam\u00e1s que nun apaeza naide m\u00e1s que los protagonistes. Y de eso tami\u00e9n hai na xeograf\u00eda nacional. Nel norte, col so verde vexetal y les sos ag\u00fces braves. Nel sur, coles sos veres kilom\u00e9triques y l&#8217;arume del tr\u00f3picu.<\/p>\n<p>Toes dan pa una visita. O animen al ba\u00f1u, a la diversi\u00f3n. Pero hai xuna en concretu que nun tien igual. Que s&#8217;alza percima de les dem\u00e1s gracies a un r\u00e9cord: tr\u00e1tase de la sablera m\u00e1s pequena del mundu. Y non solo presume d&#8217;esi datu, sin\u00f3n qu&#8217;enriba ye una ayalga: arrodiada un paisaxe predreso y tupio, presume de tranquilid\u00e1 y l&#8217;ambiente ye envolvente, hasta&#8217;l puntu de creer que se ta n&#8217;otra dimensi\u00f3n.<\/p>\n<p>&nbsp;<\/p>\n<p>Por tanto, non solo ye esa categor\u00eda de ser \u00abla m\u00e1s pequena del mundu\u00bb, sin\u00f3n qu&#8217;esta sablera ye xuna xoya. Y ta n&#8217;Espa\u00f1a, dispuesta pa percorrela ensin esmorecer: en realid\u00e1, caminase de punta a punta nun minutu. El so nome ye Gulpiyuri y ta allugada na mari\u00f1a d&#8217;Asturies, al norte del pa\u00eds. El signific\u00e1u de la palabra, seg\u00fan apunten dellos medios sobro&#8217;l so orixe \u00e1stur, ye&#8217;l de \u00abc\u00edrculu d&#8217;agua\u00bb. Y lo que la fai \u00fanica nun ye solo&#8217;l so tama\u00f1u, sin\u00f3n que nun ta conectada directamente col oc\u00e9anu.<\/p>\n<p>Gulpiyuri ta na mari\u00f1a, pr\u00f3xima a la localid\u00e1 de Llanes, pero a unos 100 metros al interior. La so formaci\u00f3n, ello ye que d\u00e9bese a la erosi\u00f3n del mar Cant\u00e1bricu. La creaci\u00f3n de cueves y canales dio llugar a esti oasis que nes semeyes a\u00e9rees destaca metanes un terr\u00e9n macizu. Esta serie de caminos soterra\u00f1os dex\u00f3 que l&#8217;agua pener\u00e1rase y esto aportara a xuna especie de piscina aisllada. En realid\u00e1, tr\u00e1tase d&#8217;una dolina, xuna depresi\u00f3n dientro de les formaciones k\u00e1rstiques.<\/p>\n<p>&nbsp;<\/p>\n<p>Equ\u00ed, en Gulpiyuri, les foles casi nun lleguen porque ruempen nel oc\u00e9anu. Y la so vera, d&#8217;unos 50 metros de llargor, ye m\u00e1s como xuna piscina. , que non solo quieren remoyase nes sos ag\u00fces, sin\u00f3n papase d&#8217;esti paisaxe con remembranzas a les tierres celtes.<\/p>\n<p>Por cuenta de el so tama\u00f1u, sicas\u00ed, la sablera puede enllenase r\u00e1pido pel branu. Ente selmana ye menos visitada, pero tami\u00e9n ta ganando fama. Am\u00e1s, hai que dir mientres la pleamar, pos cola marea baxa puede sumir l&#8217;agua. L&#8217;accesu real\u00edzase al travi\u00e9s d&#8217;un cam\u00edn dende la sablera de San Antol\u00edn y al llegar b\u00e1xase xuna escalera dende los cantiles, polo que puede ser necesariu caminar un pocu pa llegar ell\u00ed.<\/p>\n<p>Gulpiyuri ye un llugar aparente pal relax. Les sos ag\u00fces son cristalines y manses, pero hai que tener en cuenta dos coses: que nun hai servicios de comida o d&#8217;as\u00e9u y que esi calificativu de ser la m\u00e1s pequena empieza a desdibuxarse. Non solo hai un alderique sobro si ye l&#8217;oc\u00e9anu&#8217;l que ba\u00f1a esti espaciu, sin\u00f3n que salieron asonsa\u00f1adores.<\/p>\n<p>En Buelna, otra pedan\u00eda de Llanes, sali\u00f3 la so ximielga: la sablera de Cobijeru. Con forma semicircular y compuesta de cantares rodaos y arena, mide unos 30-40 metros y at\u00f3pase arrodiada de prader\u00edes, cueves y montes. Les sos ag\u00fces tienen xuna fondura d&#8217;apenes un metro, y tami\u00e9n ta declarada Monumentu Natural.<\/p>\n","protected":false},"excerpt":{"rendered":"<p>Fonte: El Espa\u00f1ol \/ Videu \/ La sablera m\u00e1s pequena del mundu ta n&#8217;Espa\u00f1a: ensin foles, ente cueves y nam\u00e1 lleva un minutu percorrela Esti enclave de la xeograf\u00eda espa\u00f1ola form\u00f3se gracies a xuna rede de canales. Asitiada a unos 100 metros del oc\u00e9anu y ta arrodiada por vexetaci\u00f3n.<\/p>\n","protected":false},"author":117,"featured_media":0,"comment_status":"open","ping_status":"open","sticky":false,"template":"","format":"standard","meta":{"footnotes":""},"categories":[93],"tags":[],"class_list":["post-21135","post","type-post","status-publish","format-standard","hentry","category-sableres"],"_links":{"self":[{"href":"https:\/\/edublog.educastur.es\/ixuxu\/wp-json\/wp\/v2\/posts\/21135","targetHints":{"allow":["GET"]}}],"collection":[{"href":"https:\/\/edublog.educastur.es\/ixuxu\/wp-json\/wp\/v2\/posts"}],"about":[{"href":"https:\/\/edublog.educastur.es\/ixuxu\/wp-json\/wp\/v2\/types\/post"}],"author":[{"embeddable":true,"href":"https:\/\/edublog.educastur.es\/ixuxu\/wp-json\/wp\/v2\/users\/117"}],"replies":[{"embeddable":true,"href":"https:\/\/edublog.educastur.es\/ixuxu\/wp-json\/wp\/v2\/comments?post=21135"}],"version-history":[{"count":4,"href":"https:\/\/edublog.educastur.es\/ixuxu\/wp-json\/wp\/v2\/posts\/21135\/revisions"}],"predecessor-version":[{"id":21139,"href":"https:\/\/edublog.educastur.es\/ixuxu\/wp-json\/wp\/v2\/posts\/21135\/revisions\/21139"}],"wp:attachment":[{"href":"https:\/\/edublog.educastur.es\/ixuxu\/wp-json\/wp\/v2\/media?parent=21135"}],"wp:term":[{"taxonomy":"category","embeddable":true,"href":"https:\/\/edublog.educastur.es\/ixuxu\/wp-json\/wp\/v2\/categories?post=21135"},{"taxonomy":"post_tag","embeddable":true,"href":"https:\/\/edublog.educastur.es\/ixuxu\/wp-json\/wp\/v2\/tags?post=21135"}],"curies":[{"name":"wp","href":"https:\/\/api.w.org\/{rel}","templated":true}]}}