{"id":21170,"date":"2023-07-30T15:57:19","date_gmt":"2023-07-30T13:57:19","guid":{"rendered":"https:\/\/edublog.educastur.es\/ixuxu\/?p=21170"},"modified":"2023-07-30T15:57:19","modified_gmt":"2023-07-30T13:57:19","slug":"fotografu-submarin-del-anu-2022","status":"publish","type":"post","link":"https:\/\/edublog.educastur.es\/ixuxu\/2023\/07\/fotografu-submarin-del-anu-2022\/","title":{"rendered":"Fot\u00f3grafu Submar\u00edn del A\u00f1u 2022"},"content":{"rendered":"<ul>\n<li>Fonte: <a href=\"https:\/\/www.lavanguardia.com\/natural\/20220211\/8050349\/rafael-fernandez-caballero-nombrado-fotografo-submarino-ano-2022-pmv.html?fbclid=IwAR3-tYEkSf270C5MqUie0fUzWUmrvAtw2mTQ6mzw1FH7wU_q06v_6KmlI_Q\">La Vanguardia<\/a> \/<\/li>\n<\/ul>\n<p style=\"text-align: center\"><a href=\"https:\/\/www.lavanguardia.com\/uploads\/2022\/02\/11\/62064a71c260f.jpeg\"><img loading=\"lazy\" decoding=\"async\" class=\"aligncenter \" src=\"https:\/\/www.lavanguardia.com\/uploads\/2022\/02\/11\/62064a71c260f.jpeg\" width=\"846\" height=\"1269\" \/><\/a><\/p>\n<p>El submarinista Rafael Fern\u00e1ndez Caballero convirti\u00f3se nel <strong>Fot\u00f3grafu Submar\u00edn del A\u00f1u 2022<\/strong> pola so imaxe <span style=\"color: #008080\"><strong>Giants of the night.<\/strong><\/span> Col so Nikon Z7 II foi capaz de prindar cinco tiburones ballena aliment\u00e1ndose de plancton en met\u00e1 de la nueche. La escena trescurre n&#8217;Ari Atoll, unu de los atolones naturales de les Maldives, onde&#8217;l fot\u00f3grafu atop\u00e1base xuntu col investigador de tiburones Gador Muntaner.<\/p>\n<p>Fern\u00e1ndez fala d&#8217;aquella nueche en Maldivas como d&#8217;un sua\u00f1u, de fechu podr\u00eda selo. El premi\u00e1u asegura que \u00abcuando la maxa asocede por completu, solo puedes pensar que tas sua\u00f1ando\u00bb. Al anochecer\u00edn, un tibur\u00f3n ballena averose al bote BlueForce One, onde Fern\u00e1ndez y el so equipu aguardaben la llegada de los maraviyosos xigantes.<\/p>\n","protected":false},"excerpt":{"rendered":"<p>Fonte: La Vanguardia \/ El submarinista Rafael Fern\u00e1ndez Caballero convirti\u00f3se nel Fot\u00f3grafu Submar\u00edn del A\u00f1u 2022 pola so imaxe Giants of the night. Col so Nikon Z7 II foi capaz de prindar cinco tiburones ballena aliment\u00e1ndose de plancton en met\u00e1 de la nueche. La escena trescurre n&#8217;Ari Atoll, unu de los atolones naturales de les [&hellip;]<\/p>\n","protected":false},"author":117,"featured_media":0,"comment_status":"open","ping_status":"open","sticky":false,"template":"","format":"standard","meta":{"footnotes":""},"categories":[56],"tags":[],"class_list":["post-21170","post","type-post","status-publish","format-standard","hentry","category-fotografia"],"_links":{"self":[{"href":"https:\/\/edublog.educastur.es\/ixuxu\/wp-json\/wp\/v2\/posts\/21170","targetHints":{"allow":["GET"]}}],"collection":[{"href":"https:\/\/edublog.educastur.es\/ixuxu\/wp-json\/wp\/v2\/posts"}],"about":[{"href":"https:\/\/edublog.educastur.es\/ixuxu\/wp-json\/wp\/v2\/types\/post"}],"author":[{"embeddable":true,"href":"https:\/\/edublog.educastur.es\/ixuxu\/wp-json\/wp\/v2\/users\/117"}],"replies":[{"embeddable":true,"href":"https:\/\/edublog.educastur.es\/ixuxu\/wp-json\/wp\/v2\/comments?post=21170"}],"version-history":[{"count":1,"href":"https:\/\/edublog.educastur.es\/ixuxu\/wp-json\/wp\/v2\/posts\/21170\/revisions"}],"predecessor-version":[{"id":21171,"href":"https:\/\/edublog.educastur.es\/ixuxu\/wp-json\/wp\/v2\/posts\/21170\/revisions\/21171"}],"wp:attachment":[{"href":"https:\/\/edublog.educastur.es\/ixuxu\/wp-json\/wp\/v2\/media?parent=21170"}],"wp:term":[{"taxonomy":"category","embeddable":true,"href":"https:\/\/edublog.educastur.es\/ixuxu\/wp-json\/wp\/v2\/categories?post=21170"},{"taxonomy":"post_tag","embeddable":true,"href":"https:\/\/edublog.educastur.es\/ixuxu\/wp-json\/wp\/v2\/tags?post=21170"}],"curies":[{"name":"wp","href":"https:\/\/api.w.org\/{rel}","templated":true}]}}