{"id":21363,"date":"2023-08-13T14:04:23","date_gmt":"2023-08-13T12:04:23","guid":{"rendered":"https:\/\/edublog.educastur.es\/ixuxu\/?p=21363"},"modified":"2023-08-13T15:45:54","modified_gmt":"2023-08-13T13:45:54","slug":"vuelve-cometcon-2023-la-feria-dociu-alternativu-referente-nasturies","status":"publish","type":"post","link":"https:\/\/edublog.educastur.es\/ixuxu\/2023\/08\/vuelve-cometcon-2023-la-feria-dociu-alternativu-referente-nasturies\/","title":{"rendered":"Vuelve CometCon 2023, la feria d&#8217;ociu alternativu referente n&#8217;Asturies\u00a0"},"content":{"rendered":"<ul>\n<li style=\"text-align: left\"><a href=\"https:\/\/verasturies.com\/vuelve-cometcon-2023-la-feria-de-ocio-alternativo-referente-en-asturias\/?fbclid=IwAR0qXJcf1JaqVHNgrDJw4s9fQtgBAyxgKvxtOBoYBv-AhCwISjoxWp9LTYI\">Enllaz<\/a> \/<\/li>\n<\/ul>\n<p style=\"text-align: center\"><a href=\"https:\/\/verasturies.com\/wp-content\/uploads\/2023\/08\/Cometcon-2022-3-scaled.jpg\"><img loading=\"lazy\" decoding=\"async\" class=\"aligncenter size-full\" src=\"https:\/\/verasturies.com\/wp-content\/uploads\/2023\/08\/Cometcon-2022-3-scaled.jpg\" width=\"2560\" height=\"1707\" \/><\/a><\/p>\n<p>Los d\u00edes 1,2 y 3 de setiembre vuelve CometCon a la Cortil Ferial Luis Adaro de Xix\u00f3n. La feria, que celebra y\u00e1 la so vig\u00e9simoprimera edici\u00f3n, siendo la m\u00e1s veterana dientro del so sector n&#8217;Asturies, caltien el so gran apueste pola dinamizaci\u00f3n cultural, social y econ\u00f3mica de Xix\u00f3n.<\/p>\n<p><!--more--><\/p>\n<p>Un a\u00f1u m\u00e1s va cuntar colos sos y\u00e1 cl\u00e1sicos torneos de Sports, competiciones de videoconsola y concursos d&#8217;\u00e1mbitu nacional como&#8217;l Cosplay o&#8217;l CometTalent. Estos concursos cunten con decenes de participantes provenientes de toes partes d&#8217;Espa\u00f1a.<\/p>\n<p>Para la edici\u00f3n de 2023 am\u00e1s Cometcon va cuntar por primer y \u00fanica vegada n&#8217;Espa\u00f1a con un caza \u201cpilotable\u201d X-Wing esguila 1:1. Una pieza de colecci\u00f3n del m\u00e1s altu nivel que dempu\u00e9s de pasar por Dub\u00e1i, Francia y Alema\u00f1a aterriza n&#8217;Asturies. Los asistentes van poder xubise y pilotala\u201d con gafes de realid\u00e1 v<\/p>\n<p>Sicas\u00ed, la guinda del pastel son les diverses actividaes que se van a dir desenvolviendo mientres la fin de selmana. Tecnolox\u00eda, talleres lliterarios, pint\u00e1u de miniatures y talleres infantiles\u2026 son munches les actividaes que van tener llugar na CometCon, polo que dif\u00edcil va ser escoyer ente la gran varied\u00e1 de m\u00e1s de 150 actividaes programaes, disponibles na so web y redes sociales.<\/p>\n<p>Finalmente, en declaraciones del so director H\u00e9ctor Lasheras, \u00abCometCon vinu p&#8217;allargar el branu xixon\u00e9s a setiembre con una guinda, como ye CometCon, que pon broche a un pastel cultural que dinamiza la ciud\u00e1 mientres tol branu\u201d.<\/p>\n<p>CometCon ye posible gracies al sofitu de Xix\u00f3n Divertia, Impulsa, Xix\u00f3n Moced\u00e1, Princip\u00e1u d&#8217;Asturies, Ministeriu de Cultura, CMPA, Carn\u00e9 Moza, PCbox, Nimby y Inteba, ente otros. Solo queda un mes por qu&#8217;empiece la Cometcon 2023, asina que nun esperes m\u00e1s y compra y\u00e1 la to entrada equ\u00ed. \u00a1Esfruta de la<\/p>\n","protected":false},"excerpt":{"rendered":"<p>Enllaz \/ Los d\u00edes 1,2 y 3 de setiembre vuelve CometCon a la Cortil Ferial Luis Adaro de Xix\u00f3n. La feria, que celebra y\u00e1 la so vig\u00e9simoprimera edici\u00f3n, siendo la m\u00e1s veterana dientro del so sector n&#8217;Asturies, caltien el so gran apueste pola dinamizaci\u00f3n cultural, social y econ\u00f3mica de Xix\u00f3n.<\/p>\n","protected":false},"author":117,"featured_media":0,"comment_status":"open","ping_status":"open","sticky":false,"template":"","format":"standard","meta":{"footnotes":""},"categories":[104],"tags":[],"class_list":["post-21363","post","type-post","status-publish","format-standard","hentry","category-xuegos"],"_links":{"self":[{"href":"https:\/\/edublog.educastur.es\/ixuxu\/wp-json\/wp\/v2\/posts\/21363","targetHints":{"allow":["GET"]}}],"collection":[{"href":"https:\/\/edublog.educastur.es\/ixuxu\/wp-json\/wp\/v2\/posts"}],"about":[{"href":"https:\/\/edublog.educastur.es\/ixuxu\/wp-json\/wp\/v2\/types\/post"}],"author":[{"embeddable":true,"href":"https:\/\/edublog.educastur.es\/ixuxu\/wp-json\/wp\/v2\/users\/117"}],"replies":[{"embeddable":true,"href":"https:\/\/edublog.educastur.es\/ixuxu\/wp-json\/wp\/v2\/comments?post=21363"}],"version-history":[{"count":1,"href":"https:\/\/edublog.educastur.es\/ixuxu\/wp-json\/wp\/v2\/posts\/21363\/revisions"}],"predecessor-version":[{"id":21364,"href":"https:\/\/edublog.educastur.es\/ixuxu\/wp-json\/wp\/v2\/posts\/21363\/revisions\/21364"}],"wp:attachment":[{"href":"https:\/\/edublog.educastur.es\/ixuxu\/wp-json\/wp\/v2\/media?parent=21363"}],"wp:term":[{"taxonomy":"category","embeddable":true,"href":"https:\/\/edublog.educastur.es\/ixuxu\/wp-json\/wp\/v2\/categories?post=21363"},{"taxonomy":"post_tag","embeddable":true,"href":"https:\/\/edublog.educastur.es\/ixuxu\/wp-json\/wp\/v2\/tags?post=21363"}],"curies":[{"name":"wp","href":"https:\/\/api.w.org\/{rel}","templated":true}]}}