{"id":21416,"date":"2023-08-13T17:31:06","date_gmt":"2023-08-13T15:31:06","guid":{"rendered":"https:\/\/edublog.educastur.es\/ixuxu\/?p=21416"},"modified":"2023-08-14T23:14:05","modified_gmt":"2023-08-14T21:14:05","slug":"cambeos-de-color-del-oceanu","status":"publish","type":"post","link":"https:\/\/edublog.educastur.es\/ixuxu\/2023\/08\/cambeos-de-color-del-oceanu\/","title":{"rendered":"Cambeos de color del oc\u00e9anu: ta volvi\u00e9ndose m\u00e1s verde"},"content":{"rendered":"<p style=\"text-align: center\">\n<!-- iframe plugin v.6.0 wordpress.org\/plugins\/iframe\/ -->\n<iframe loading=\"lazy\" src=\"https:\/\/www.facebook.com\/plugins\/post.php?href=https%3A%2F%2Fwww.facebook.com%2Ffundacionbiodiversidad%2Fposts%2Fpfbid02hHyDKmxZNmuMn3c5zyYgZuLxrRuC7vAd27zTjL3wjXuSsfzA3JfEFqnbi92vUZkCl&#038;show_text=false&#038;width=500\" width=\"500\" height=\"498\" style=\"border:none;overflow:hidden\" scrolling=\"no\" frameborder=\"0\" allowfullscreen=\"true\" allow=\"autoplay; clipboard-write; encrypted-media; picture-in-picture; web-share\" 0=\"\/iframe\" class=\"iframe-class\"><\/iframe>\n<\/p>\n<p>Anque sutiles para&#8217;l g\u00fceyu humanu ?, produci\u00e9ronse cambeos de color nel 56% del oc\u00e9anu ? Tr\u00e1tase d&#8217;una estensi\u00f3n m\u00e1s grande que la superficie terrestre total de la Tierra ?<\/p>\n<ul>\n<li>\u00a0Centro Nacional d&#8217;Oceanograf\u00eda del Reinu Un\u00edu y del Institutu de Tecnolox\u00eda de Massachusetts (MIT)<\/li>\n<li><a href=\"https:\/\/www.facebook.com\/photo\/?fbid=671891868309296&amp;set=a.658805532951263\">? Fundaci\u00f3n Biodiversid\u00e1<\/a><\/li>\n<\/ul>\n","protected":false},"excerpt":{"rendered":"<p>Anque sutiles para&#8217;l g\u00fceyu humanu ?, produci\u00e9ronse cambeos de color nel 56% del oc\u00e9anu ? Tr\u00e1tase d&#8217;una estensi\u00f3n m\u00e1s grande que la superficie terrestre total de la Tierra ? \u00a0Centro Nacional d&#8217;Oceanograf\u00eda del Reinu Un\u00edu y del Institutu de Tecnolox\u00eda de Massachusetts (MIT) ? Fundaci\u00f3n Biodiversid\u00e1<\/p>\n","protected":false},"author":117,"featured_media":0,"comment_status":"open","ping_status":"open","sticky":false,"template":"","format":"standard","meta":{"footnotes":""},"categories":[25,4],"tags":[],"class_list":["post-21416","post","type-post","status-publish","format-standard","hentry","category-curiosidaes","category-natura"],"_links":{"self":[{"href":"https:\/\/edublog.educastur.es\/ixuxu\/wp-json\/wp\/v2\/posts\/21416","targetHints":{"allow":["GET"]}}],"collection":[{"href":"https:\/\/edublog.educastur.es\/ixuxu\/wp-json\/wp\/v2\/posts"}],"about":[{"href":"https:\/\/edublog.educastur.es\/ixuxu\/wp-json\/wp\/v2\/types\/post"}],"author":[{"embeddable":true,"href":"https:\/\/edublog.educastur.es\/ixuxu\/wp-json\/wp\/v2\/users\/117"}],"replies":[{"embeddable":true,"href":"https:\/\/edublog.educastur.es\/ixuxu\/wp-json\/wp\/v2\/comments?post=21416"}],"version-history":[{"count":4,"href":"https:\/\/edublog.educastur.es\/ixuxu\/wp-json\/wp\/v2\/posts\/21416\/revisions"}],"predecessor-version":[{"id":21443,"href":"https:\/\/edublog.educastur.es\/ixuxu\/wp-json\/wp\/v2\/posts\/21416\/revisions\/21443"}],"wp:attachment":[{"href":"https:\/\/edublog.educastur.es\/ixuxu\/wp-json\/wp\/v2\/media?parent=21416"}],"wp:term":[{"taxonomy":"category","embeddable":true,"href":"https:\/\/edublog.educastur.es\/ixuxu\/wp-json\/wp\/v2\/categories?post=21416"},{"taxonomy":"post_tag","embeddable":true,"href":"https:\/\/edublog.educastur.es\/ixuxu\/wp-json\/wp\/v2\/tags?post=21416"}],"curies":[{"name":"wp","href":"https:\/\/api.w.org\/{rel}","templated":true}]}}