{"id":21429,"date":"2023-08-14T07:50:04","date_gmt":"2023-08-14T05:50:04","guid":{"rendered":"https:\/\/edublog.educastur.es\/ixuxu\/?p=21429"},"modified":"2023-08-14T22:50:41","modified_gmt":"2023-08-14T20:50:41","slug":"lidioma-espanol","status":"publish","type":"post","link":"https:\/\/edublog.educastur.es\/ixuxu\/2023\/08\/lidioma-espanol\/","title":{"rendered":"L&#8217;idioma espa\u00f1ol"},"content":{"rendered":"<p style=\"text-align: center\">\n<!-- iframe plugin v.6.0 wordpress.org\/plugins\/iframe\/ -->\n<iframe loading=\"lazy\" src=\"https:\/\/www.facebook.com\/plugins\/post.php?href=https%3A%2F%2Fwww.facebook.com%2FTodoEstoEsHistoria%2Fposts%2Fpfbid0bNix5FNAnMdczPJAQtaGh5hiq4sVr9QcSx9CFrDPU5r4bwD1SsG42aDDwntXLhtvl&#038;show_text=false&#038;width=500\" width=\"500\" height=\"383\" style=\"border:none;overflow:hidden\" scrolling=\"no\" frameborder=\"0\" allowfullscreen=\"true\" allow=\"autoplay; clipboard-write; encrypted-media; picture-in-picture; web-share\" 0=\"\/iframe\" class=\"iframe-class\"><\/iframe>\n<\/p>\n<p>L&#8217;idioma espa\u00f1ol ye una llingua romance que s&#8217;anici\u00f3, principalmente, nel Reinu de Castiella, na pen\u00ednsula ib\u00e9rica, a partir de la evoluci\u00f3n del llat\u00edn vulgar, el conxuntu de los dialectos vern\u00e1culos del llat\u00edn vivu, falaos nes provincies del Imperiu romanu.<\/p>\n<ul>\n<li>Fonte: <a href=\"https:\/\/www.facebook.com\/TodoEstoEsHistoria?__cft__[0]=AZWxYo87T5vLz-lPJzcewyHUeIM6SiQEcG0T1tx8Qpvq5peDSAWJo07oSo3_95O3qczVAXvgBqDWbneSLUaqmcHA5RS3T2LjvTAaeAae0Hj_2MS8mDURJVz2YhNkxd_DwA-WOcjvhZdeGGDTIJT01NpnijsRFwnfQnhORUWZMmXbIX0STTamRPIVf1fBYqFh9wBufiimIDuHXdCqdk6Fwkps&amp;__tn__=-UC*F\">Esto es historia<\/a> \/ <a href=\"https:\/\/www.facebook.com\/photo\/?fbid=257986130361992&amp;set=a.122578513902755\">mapa<\/a><\/li>\n<\/ul>\n<p><!--more--><\/p>\n<p>El llat\u00edn vulgar estremase del llat\u00edn cl\u00e1sicu lliterariu na so pronunciaci\u00f3n, vocabulariu y gram\u00e1tica, y foise desenvolviendo llibremente ensin la presi\u00f3n de la norma culta. El llat\u00edn vulgar empez\u00f3 a divergir ente les distintes rexones del Imperiu romanu dende&#8217;l sieglu II d.C., y escontra el sieglu IX dio llugar a les lling\u00fces romances tempranes.<\/p>\n<p>El llat\u00edn vulgar dio orixe a delles lling\u00fces romances, incluyendo l&#8217;espa\u00f1ol, franc\u00e9s, italianu, portugu\u00e9s, rumanu, asturianu y otres. Anque toes estes lling\u00fces comparten un ancestru com\u00fan, estr\u00e9mense por cuenta de xuna serie de factores hist\u00f3ricos, xeogr\u00e1ficos y lling\u00fc\u00edsticos qu&#8217;influyeron nes sos evoluciones individuales.<\/p>\n","protected":false},"excerpt":{"rendered":"<p>L&#8217;idioma espa\u00f1ol ye una llingua romance que s&#8217;anici\u00f3, principalmente, nel Reinu de Castiella, na pen\u00ednsula ib\u00e9rica, a partir de la evoluci\u00f3n del llat\u00edn vulgar, el conxuntu de los dialectos vern\u00e1culos del llat\u00edn vivu, falaos nes provincies del Imperiu romanu. Fonte: Esto es historia \/ mapa<\/p>\n","protected":false},"author":117,"featured_media":0,"comment_status":"open","ping_status":"open","sticky":false,"template":"","format":"standard","meta":{"footnotes":""},"categories":[297],"tags":[],"class_list":["post-21429","post","type-post","status-publish","format-standard","hentry","category-hestoria"],"_links":{"self":[{"href":"https:\/\/edublog.educastur.es\/ixuxu\/wp-json\/wp\/v2\/posts\/21429","targetHints":{"allow":["GET"]}}],"collection":[{"href":"https:\/\/edublog.educastur.es\/ixuxu\/wp-json\/wp\/v2\/posts"}],"about":[{"href":"https:\/\/edublog.educastur.es\/ixuxu\/wp-json\/wp\/v2\/types\/post"}],"author":[{"embeddable":true,"href":"https:\/\/edublog.educastur.es\/ixuxu\/wp-json\/wp\/v2\/users\/117"}],"replies":[{"embeddable":true,"href":"https:\/\/edublog.educastur.es\/ixuxu\/wp-json\/wp\/v2\/comments?post=21429"}],"version-history":[{"count":1,"href":"https:\/\/edublog.educastur.es\/ixuxu\/wp-json\/wp\/v2\/posts\/21429\/revisions"}],"predecessor-version":[{"id":21430,"href":"https:\/\/edublog.educastur.es\/ixuxu\/wp-json\/wp\/v2\/posts\/21429\/revisions\/21430"}],"wp:attachment":[{"href":"https:\/\/edublog.educastur.es\/ixuxu\/wp-json\/wp\/v2\/media?parent=21429"}],"wp:term":[{"taxonomy":"category","embeddable":true,"href":"https:\/\/edublog.educastur.es\/ixuxu\/wp-json\/wp\/v2\/categories?post=21429"},{"taxonomy":"post_tag","embeddable":true,"href":"https:\/\/edublog.educastur.es\/ixuxu\/wp-json\/wp\/v2\/tags?post=21429"}],"curies":[{"name":"wp","href":"https:\/\/api.w.org\/{rel}","templated":true}]}}