{"id":21431,"date":"2023-08-14T22:56:11","date_gmt":"2023-08-14T20:56:11","guid":{"rendered":"https:\/\/edublog.educastur.es\/ixuxu\/?p=21431"},"modified":"2023-08-14T22:57:47","modified_gmt":"2023-08-14T20:57:47","slug":"el-rayu-mas-llargu-de-la-hestoria","status":"publish","type":"post","link":"https:\/\/edublog.educastur.es\/ixuxu\/2023\/08\/el-rayu-mas-llargu-de-la-hestoria\/","title":{"rendered":"El rayu m\u00e1s llargu de la hestoria"},"content":{"rendered":"<p style=\"text-align: center\"><a href=\"https:\/\/images.ctfassets.net\/4ivszygz9914\/eea5aa2b-f456-405e-8d95-e736bd6938ab\/75e58037c3c1f76d25b955a84348d592\/eae75eb7-0ef3-441f-9cdf-5922860cbe67.jpg?fm=webp\"><img loading=\"lazy\" decoding=\"async\" class=\"aligncenter size-full\" src=\"https:\/\/images.ctfassets.net\/4ivszygz9914\/eea5aa2b-f456-405e-8d95-e736bd6938ab\/75e58037c3c1f76d25b955a84348d592\/eae75eb7-0ef3-441f-9cdf-5922860cbe67.jpg?fm=webp\" width=\"632\" height=\"355\" \/><\/a><\/p>\n<ul>\n<li><a href=\"https:\/\/www.tiempoyradar.es\/noticias-del-tiempo\/curiosidad-meterologica-el-rayo-mas-largo-de-la-historia--279eb3a0-ee29-4361-86fa-234838fe7fa5\">Fonte: Tiempo y radar<\/a><\/li>\n<\/ul>\n<p>Un doble r\u00e9cord sobro rayos valid\u00e1u pola Organizaci\u00f3n Meteorol\u00f3xica Mundial. Nel a\u00f1u 2020 un rayu desenvolvi\u00f3se horizontalmente mientres 768 km nuna gran \u00e1rea nel sur de los Estaos Xun\u00edos, travesando los estaos de Texas, Luisiana y Mississippi. N&#8217;otres palabres, ye xuna distancia equivalente a la qu&#8217;hai ente Londres y Hamburgo.<\/p>\n<p>Nel mes de xunu d&#8217;ese mesmu a\u00f1u na otra punta del mundu, mientres xuna nube el\u00e9ctrica ente Uruguai y el norte d&#8217;Arxentina,<strong> produci\u00f3se xuna descarga el\u00e9ctrica que dur\u00f3 17,102 segundos.<\/strong> Esta ye la m\u00e1xima duraci\u00f3n rexistrada pa un solu rayu.<\/p>\n<p><!--more--><\/p>\n<p style=\"text-align: center\"><a href=\"https:\/\/images.ctfassets.net\/4ivszygz9914\/fe1494ff-a334-42d7-b325-2e6d720abfc4\/b940d3cf75f918dc804853a2e799cb68\/50aecccb-4fea-4f95-94d4-1b6b4fece5ca.jpg?fm=webp\"><img loading=\"lazy\" decoding=\"async\" class=\"aligncenter size-full\" src=\"https:\/\/images.ctfassets.net\/4ivszygz9914\/fe1494ff-a334-42d7-b325-2e6d720abfc4\/b940d3cf75f918dc804853a2e799cb68\/50aecccb-4fea-4f95-94d4-1b6b4fece5ca.jpg?fm=webp\" width=\"632\" height=\"355\" \/><\/a><\/p>\n<p><strong>Organizaci\u00f3n Meteorol\u00f3xica Mundial.<\/strong> Les mid\u00edes fueron validaes cola ayuda de tecnolox\u00eda satelital y fueron rexistraes como rexistros oficiales pola Organizaci\u00f3n Meteorol\u00f3xica Mundial de les Naciones Xun\u00edes.<\/p>\n<p>\u00bfC\u00f3mo se forma un rayu? Dientro d&#8217;una nube les part\u00edcules topeten xun\u00edes coles otres y esto provoca que se dixebren el\u00e9ctricamente. Delles part\u00edcules ganen electrones, carg\u00e1ndose negativamente, ente qu&#8217;otres pierden electrones, carg\u00e1ndose positivamente. Esto crea un desequilibriu de cargues na nube, cola parte negativa na so base y la positiva na parte cimera.<\/p>\n<p style=\"text-align: center\"><a href=\"https:\/\/images.ctfassets.net\/4ivszygz9914\/1aac9968-9d37-40aa-aa9b-deba6be7a118\/db172d1dd6220635b8a04adece84dff9\/9cfc1c12-2a25-473d-9405-4254d34e72de.jpeg?fm=webp\"><img loading=\"lazy\" decoding=\"async\" class=\"aligncenter size-full\" src=\"https:\/\/images.ctfassets.net\/4ivszygz9914\/1aac9968-9d37-40aa-aa9b-deba6be7a118\/db172d1dd6220635b8a04adece84dff9\/9cfc1c12-2a25-473d-9405-4254d34e72de.jpeg?fm=webp\" width=\"632\" height=\"355\" \/><\/a><\/p>\n<p>Esquema b\u00e1sicu de formaci\u00f3n de rayos.<\/p>\n<p>De la mesma, la superficie terrestre tien carga positiva. Cuando se forma xuna nube de nube, la diferencia de carga ente dicha nube y la superficie puede ser tan grande qu&#8217;ioniza l&#8217;aire, polo qu&#8217;\u00e9sti se vuelve conductor de la eletricid\u00e1. Ye nesti momentu cuando se forma un rayu, que calez l&#8217;aire a temperatures elevad\u00edsimes y espandise de forma bien r\u00e1pida.<\/p>\n<p>Esta espansi\u00f3n crea xuna onda que s&#8217;arrobina y que ye precisamente lo qu&#8217;escuchamos; esto ye, el truenu. Como la lluz viaxa m\u00e1s r\u00e1pidu que&#8217;l son\u00edu, siempres vamos ver antes el rayu y depu\u00e9s vamos escuchar el truenu.<\/p>\n","protected":false},"excerpt":{"rendered":"<p>Fonte: Tiempo y radar Un doble r\u00e9cord sobro rayos valid\u00e1u pola Organizaci\u00f3n Meteorol\u00f3xica Mundial. Nel a\u00f1u 2020 un rayu desenvolvi\u00f3se horizontalmente mientres 768 km nuna gran \u00e1rea nel sur de los Estaos Xun\u00edos, travesando los estaos de Texas, Luisiana y Mississippi. N&#8217;otres palabres, ye xuna distancia equivalente a la qu&#8217;hai ente Londres y Hamburgo. Nel [&hellip;]<\/p>\n","protected":false},"author":117,"featured_media":0,"comment_status":"open","ping_status":"open","sticky":false,"template":"","format":"standard","meta":{"footnotes":""},"categories":[25,5],"tags":[],"class_list":["post-21431","post","type-post","status-publish","format-standard","hentry","category-curiosidaes","category-tiempu"],"_links":{"self":[{"href":"https:\/\/edublog.educastur.es\/ixuxu\/wp-json\/wp\/v2\/posts\/21431","targetHints":{"allow":["GET"]}}],"collection":[{"href":"https:\/\/edublog.educastur.es\/ixuxu\/wp-json\/wp\/v2\/posts"}],"about":[{"href":"https:\/\/edublog.educastur.es\/ixuxu\/wp-json\/wp\/v2\/types\/post"}],"author":[{"embeddable":true,"href":"https:\/\/edublog.educastur.es\/ixuxu\/wp-json\/wp\/v2\/users\/117"}],"replies":[{"embeddable":true,"href":"https:\/\/edublog.educastur.es\/ixuxu\/wp-json\/wp\/v2\/comments?post=21431"}],"version-history":[{"count":3,"href":"https:\/\/edublog.educastur.es\/ixuxu\/wp-json\/wp\/v2\/posts\/21431\/revisions"}],"predecessor-version":[{"id":21434,"href":"https:\/\/edublog.educastur.es\/ixuxu\/wp-json\/wp\/v2\/posts\/21431\/revisions\/21434"}],"wp:attachment":[{"href":"https:\/\/edublog.educastur.es\/ixuxu\/wp-json\/wp\/v2\/media?parent=21431"}],"wp:term":[{"taxonomy":"category","embeddable":true,"href":"https:\/\/edublog.educastur.es\/ixuxu\/wp-json\/wp\/v2\/categories?post=21431"},{"taxonomy":"post_tag","embeddable":true,"href":"https:\/\/edublog.educastur.es\/ixuxu\/wp-json\/wp\/v2\/tags?post=21431"}],"curies":[{"name":"wp","href":"https:\/\/api.w.org\/{rel}","templated":true}]}}