{"id":21447,"date":"2023-09-01T14:22:33","date_gmt":"2023-09-01T12:22:33","guid":{"rendered":"https:\/\/edublog.educastur.es\/ixuxu\/?p=21447"},"modified":"2023-09-10T15:24:53","modified_gmt":"2023-09-10T13:24:53","slug":"pitafesta-en-bual","status":"publish","type":"post","link":"https:\/\/edublog.educastur.es\/ixuxu\/2023\/09\/pitafesta-en-bual\/","title":{"rendered":"PitaFesta en Bual"},"content":{"rendered":"<p style=\"text-align: center\"><a href=\"https:\/\/pitafesta.org\/wp-content\/uploads\/2023\/06\/pitafesta_web-1086x1536.jpg\"><img loading=\"lazy\" decoding=\"async\" class=\"aligncenter \" src=\"https:\/\/pitafesta.org\/wp-content\/uploads\/2023\/06\/pitafesta_web-1086x1536.jpg\" width=\"652\" height=\"922\" \/><\/a><\/p>\n<p><span class=\"x193iq5w xeuugli x13faqbe x1vvkbs x1xmvt09 x1lliihq x1s928wv xhkezso x1gmr53x x1cpjm7i x1fgarty x1943h6x xudqn12 x3x7a5m x1f6kntn xvq8zen xo1l8bm xzsf02u\" dir=\"auto\">El 2 de setiembre, cita nel occidente con un festival diferente. M\u00fasica, poes\u00eda y teatru pa tolos p\u00fablicos nun entornu rural: na granxa ecol\u00f3xica de PitaSana, nel conceyu de Bual.<a href=\"https:\/\/www.facebook.com\/PitaSana\/?locale=es_ES\"> Enllaz<\/a><br \/>\n<\/span><\/p>\n<div class=\"x9f619 x1n2onr6 x1ja2u2z x78zum5 x2lah0s x1nhvcw1 x1qjc9v5 xozqiw3 x1q0g3np xyamay9 xykv574 xbmpl8g x4cne27 xifccgj\">\n<div class=\"x9f619 x1n2onr6 x1ja2u2z x78zum5 xdt5ytf x193iq5w xeuugli x1r8uery x1iyjqo2 xs83m0k xamitd3 xsyo7zv x16hj40l x10b6aqq x1yrsyyn\">\n<div>\n<div class=\"x78zum5 xdt5ytf xz62fqu x16ldp7u\">\n<ul>\n<li class=\"xu06os2 x1ok221b\"><a href=\"https:\/\/pitafesta.org\"><span class=\"x193iq5w xeuugli x13faqbe x1vvkbs x1xmvt09 x1lliihq x1s928wv xhkezso x1gmr53x x1cpjm7i x1fgarty x1943h6x xudqn12 x3x7a5m x1f6kntn xvq8zen xo1l8bm x1qq9wsj x1yc453h\" dir=\"auto\">pitafesta.org<\/span><\/a><\/li>\n<\/ul>\n<p><!--more--><\/p>\n<\/div>\n<p>PITAFESTA ye un festival cultural rural para tolos p\u00fablicos que funde m\u00fasica y arte con conciertos en vivu y m\u00faltiples actividaes. Sicas\u00ed, PITAFESTA ye muncho m\u00e1s qu&#8217;un festival: <strong>ye un espaciu d&#8217;alcuentru intergeneracional que combina m\u00fasica, arte, tradici\u00f3n, humor, poes\u00eda, teatru y gastronom\u00eda con conciertos en directu y actividaes culturales innovadores.<\/strong><\/p>\n<p>Am\u00e1s, PITAFESTA ye un festival art\u00edsticu que&#8217;l so <strong>oxetivu ye visibilizar el mundu rural y reivindicar los sos pueblos, les sos xentes y les sos maneres de vida<\/strong>. Y tami\u00e9n ye un proyectu cultural independiente que naz como alternativa a los circuitos urbanu y masivu, cola meta de crear na redolada rural del Occidente d&#8217;Asturies una propuesta qu&#8217;avere al p\u00fablicu fomentando la conciencia ecol\u00f3xica.<\/p>\n<ul>\n<li class=\"contact-widget-item\">Granja PitaSana. Carretera Las Lleiras 555 33725 Armal<\/li>\n<li class=\"contact-widget-item\"><i class=\"fa fa-phone\"><\/i> 647232654<\/li>\n<li class=\"contact-widget-item\"><i class=\"fa fa-envelope\"><\/i> info@pitafesta.org<\/li>\n<\/ul>\n<p style=\"text-align: center\"><a href=\"http:\/\/pitafesta.org\/wp-content\/uploads\/2022\/06\/cropped-Diseno-sin-titulo-6-e1655916254852.png\"><img loading=\"lazy\" decoding=\"async\" class=\"aligncenter size-full\" src=\"http:\/\/pitafesta.org\/wp-content\/uploads\/2022\/06\/cropped-Diseno-sin-titulo-6-e1655916254852.png\" width=\"200\" height=\"145\" \/><\/a><\/p>\n<\/div>\n<\/div>\n<\/div>\n<p>&nbsp;<\/p>\n<div class=\"x9f619 x1n2onr6 x1ja2u2z x78zum5 x2lah0s x1nhvcw1 x1qjc9v5 xozqiw3 x1q0g3np xyamay9 xykv574 xbmpl8g x4cne27 xifccgj\">\n<div class=\"x9f619 x1n2onr6 x1ja2u2z x78zum5 xdt5ytf x2lah0s x193iq5w xeuugli xsyo7zv x16hj40l x10b6aqq x1yrsyyn\"><\/div>\n<\/div>\n<p>&nbsp;<\/p>\n","protected":false},"excerpt":{"rendered":"<p>El 2 de setiembre, cita nel occidente con un festival diferente. M\u00fasica, poes\u00eda y teatru pa tolos p\u00fablicos nun entornu rural: na granxa ecol\u00f3xica de PitaSana, nel conceyu de Bual. Enllaz pitafesta.org<\/p>\n","protected":false},"author":117,"featured_media":0,"comment_status":"open","ping_status":"open","sticky":false,"template":"","format":"standard","meta":{"footnotes":""},"categories":[204],"tags":[],"class_list":["post-21447","post","type-post","status-publish","format-standard","hentry","category-festivales"],"_links":{"self":[{"href":"https:\/\/edublog.educastur.es\/ixuxu\/wp-json\/wp\/v2\/posts\/21447","targetHints":{"allow":["GET"]}}],"collection":[{"href":"https:\/\/edublog.educastur.es\/ixuxu\/wp-json\/wp\/v2\/posts"}],"about":[{"href":"https:\/\/edublog.educastur.es\/ixuxu\/wp-json\/wp\/v2\/types\/post"}],"author":[{"embeddable":true,"href":"https:\/\/edublog.educastur.es\/ixuxu\/wp-json\/wp\/v2\/users\/117"}],"replies":[{"embeddable":true,"href":"https:\/\/edublog.educastur.es\/ixuxu\/wp-json\/wp\/v2\/comments?post=21447"}],"version-history":[{"count":4,"href":"https:\/\/edublog.educastur.es\/ixuxu\/wp-json\/wp\/v2\/posts\/21447\/revisions"}],"predecessor-version":[{"id":21451,"href":"https:\/\/edublog.educastur.es\/ixuxu\/wp-json\/wp\/v2\/posts\/21447\/revisions\/21451"}],"wp:attachment":[{"href":"https:\/\/edublog.educastur.es\/ixuxu\/wp-json\/wp\/v2\/media?parent=21447"}],"wp:term":[{"taxonomy":"category","embeddable":true,"href":"https:\/\/edublog.educastur.es\/ixuxu\/wp-json\/wp\/v2\/categories?post=21447"},{"taxonomy":"post_tag","embeddable":true,"href":"https:\/\/edublog.educastur.es\/ixuxu\/wp-json\/wp\/v2\/tags?post=21447"}],"curies":[{"name":"wp","href":"https:\/\/api.w.org\/{rel}","templated":true}]}}