{"id":21467,"date":"2023-08-17T12:22:03","date_gmt":"2023-08-17T10:22:03","guid":{"rendered":"https:\/\/edublog.educastur.es\/ixuxu\/?p=21467"},"modified":"2023-08-17T12:22:34","modified_gmt":"2023-08-17T10:22:34","slug":"fiesta-del-asturcon","status":"publish","type":"post","link":"https:\/\/edublog.educastur.es\/ixuxu\/2023\/08\/fiesta-del-asturcon\/","title":{"rendered":"Fiesta del Asturc\u00f3n"},"content":{"rendered":"<div dir=\"auto\" style=\"text-align: center\"><a href=\"https:\/\/www.turismoasturias.es\/documents\/39908\/62601\/23072019-Les+Espineres_MAM1736.jpg\/0fb09da8-967e-e938-4f5f-ad6b8827f47f\"><img loading=\"lazy\" decoding=\"async\" class=\"aligncenter size-full\" src=\"https:\/\/www.turismoasturias.es\/documents\/39908\/62601\/23072019-Les+Espineres_MAM1736.jpg\/0fb09da8-967e-e938-4f5f-ad6b8827f47f\" width=\"780\" height=\"521\" \/><\/a><\/div>\n<div dir=\"auto\"><\/div>\n<div dir=\"auto\"><span class=\"x3nfvp2 x1j61x8r x1fcty0u xdj266r xhhsvwb xat24cr xgzva0m xxymvpz xlup9mm x1kky2od\">??El pr\u00f3ximu s\u00e1badu, d\u00eda 19 d&#8217;agostu, cel\u00e9brase na mayada de <\/span> <a class=\"x1i10hfl xjbqb8w x6umtig x1b1mbwd xaqea5y xav7gou x9f619 x1ypdohk xt0psk2 xe8uvvx xdj266r x11i5rnm xat24cr x1mh8g0r xexx8yu x4uap5 x18d9i69 xkhd6sd x16tdsg8 x1hl2dhg xggy1nq x1a2a7pz xt0b8zv x1qq9wsj xo1l8bm\" role=\"link\" href=\"https:\/\/www.facebook.com\/hashtag\/espineres?__eep__=6&amp;__cft__[0]=AZXDFojyiaabu4N11jy1Er-tX2PYoekp3DbpCiyP-fJdvK_SsxvlmLHkgnrg2Z5qUKAdLfYDb5VmYXg738Lkt48fij8BeXgjj0GVWs_xx-Plk1xqSVg5IPDR9alJOeavWy5B_j1Z7OXRKQV8D2w6Dw5RHU4eSMX-U-snVkvYxtD4D6wHGTP5C_0CWEcYBIBdCyBDfgTLiMfnEVakEdZh9p2L&amp;__tn__=*NK-y-R\">#Espineres<\/a> la Fiesta del <a class=\"x1i10hfl xjbqb8w x6umtig x1b1mbwd xaqea5y xav7gou x9f619 x1ypdohk xt0psk2 xe8uvvx xdj266r x11i5rnm xat24cr x1mh8g0r xexx8yu x4uap5 x18d9i69 xkhd6sd x16tdsg8 x1hl2dhg xggy1nq x1a2a7pz xt0b8zv x1qq9wsj xo1l8bm\" role=\"link\" href=\"https:\/\/www.facebook.com\/hashtag\/asturc%C3%B3n?__eep__=6&amp;__cft__[0]=AZXDFojyiaabu4N11jy1Er-tX2PYoekp3DbpCiyP-fJdvK_SsxvlmLHkgnrg2Z5qUKAdLfYDb5VmYXg738Lkt48fij8BeXgjj0GVWs_xx-Plk1xqSVg5IPDR9alJOeavWy5B_j1Z7OXRKQV8D2w6Dw5RHU4eSMX-U-snVkvYxtD4D6wHGTP5C_0CWEcYBIBdCyBDfgTLiMfnEVakEdZh9p2L&amp;__tn__=*NK-y-R\">#Asturc\u00f3n.<\/a> <span class=\"x3nfvp2 x1j61x8r x1fcty0u xdj266r xhhsvwb xat24cr xgzva0m xxymvpz xlup9mm x1kky2od\"><img loading=\"lazy\" decoding=\"async\" src=\"https:\/\/static.xx.fbcdn.net\/images\/emoji.php\/v9\/t95\/1.5\/16\/1f4a1.png\" alt=\"?\" width=\"16\" height=\"16\" \/>Afaya equ\u00ed tolo que puedes visitar nel conceyu<\/span>\u00a0d<a class=\"x1i10hfl xjbqb8w x6umtig x1b1mbwd xaqea5y xav7gou x9f619 x1ypdohk xt0psk2 xe8uvvx xdj266r x11i5rnm xat24cr x1mh8g0r xexx8yu x4uap5 x18d9i69 xkhd6sd x16tdsg8 x1hl2dhg xggy1nq x1a2a7pz xt0b8zv x1qq9wsj xo1l8bm\" role=\"link\" href=\"https:\/\/www.facebook.com\/hashtag\/pilo%C3%B1a?__eep__=6&amp;__cft__[0]=AZXDFojyiaabu4N11jy1Er-tX2PYoekp3DbpCiyP-fJdvK_SsxvlmLHkgnrg2Z5qUKAdLfYDb5VmYXg738Lkt48fij8BeXgjj0GVWs_xx-Plk1xqSVg5IPDR9alJOeavWy5B_j1Z7OXRKQV8D2w6Dw5RHU4eSMX-U-snVkvYxtD4D6wHGTP5C_0CWEcYBIBdCyBDfgTLiMfnEVakEdZh9p2L&amp;__tn__=*NK-y-R\">e #Pilo<\/a>\u00f1a<\/div>\n<div dir=\"auto\"><span class=\"x3nfvp2 x1j61x8r x1fcty0u xdj266r xhhsvwb xat24cr xgzva0m xxymvpz xlup9mm x1kky2od\"><img loading=\"lazy\" decoding=\"async\" src=\"https:\/\/static.xx.fbcdn.net\/images\/emoji.php\/v9\/t15\/1.5\/16\/2139.png\" alt=\"\u2139\ufe0f\" width=\"16\" height=\"16\" \/><\/span><span class=\"x3nfvp2 x1j61x8r x1fcty0u xdj266r xhhsvwb xat24cr xgzva0m xxymvpz xlup9mm x1kky2od\"><img loading=\"lazy\" decoding=\"async\" src=\"https:\/\/static.xx.fbcdn.net\/images\/emoji.php\/v9\/taa\/1.5\/16\/1f449.png\" alt=\"?\" width=\"16\" height=\"16\" \/><\/span> <a class=\"x1i10hfl xjbqb8w x6umtig x1b1mbwd xaqea5y xav7gou x9f619 x1ypdohk xt0psk2 xe8uvvx xdj266r x11i5rnm xat24cr x1mh8g0r xexx8yu x4uap5 x18d9i69 xkhd6sd x16tdsg8 x1hl2dhg xggy1nq x1a2a7pz xt0b8zv x1fey0fg\" role=\"link\" href=\"https:\/\/acortar.link\/x0FYjZ?fbclid=IwAR1m6xHi4aBJPRDLJQi1CyxTh5ZDOGT8Yw3GCvsP_kit3uQ5aW9ASD0-6mU\" target=\"_blank\" rel=\"nofollow noopener\">https:\/\/acortar.link\/x0FYjZ<\/a><\/div>\n","protected":false},"excerpt":{"rendered":"<p>??El pr\u00f3ximu s\u00e1badu, d\u00eda 19 d&#8217;agostu, cel\u00e9brase na mayada de #Espineres la Fiesta del #Asturc\u00f3n. Afaya equ\u00ed tolo que puedes visitar nel conceyu\u00a0de #Pilo\u00f1a https:\/\/acortar.link\/x0FYjZ<\/p>\n","protected":false},"author":117,"featured_media":0,"comment_status":"open","ping_status":"open","sticky":false,"template":"","format":"standard","meta":{"footnotes":""},"categories":[21],"tags":[],"class_list":["post-21467","post","type-post","status-publish","format-standard","hentry","category-fiestes"],"_links":{"self":[{"href":"https:\/\/edublog.educastur.es\/ixuxu\/wp-json\/wp\/v2\/posts\/21467","targetHints":{"allow":["GET"]}}],"collection":[{"href":"https:\/\/edublog.educastur.es\/ixuxu\/wp-json\/wp\/v2\/posts"}],"about":[{"href":"https:\/\/edublog.educastur.es\/ixuxu\/wp-json\/wp\/v2\/types\/post"}],"author":[{"embeddable":true,"href":"https:\/\/edublog.educastur.es\/ixuxu\/wp-json\/wp\/v2\/users\/117"}],"replies":[{"embeddable":true,"href":"https:\/\/edublog.educastur.es\/ixuxu\/wp-json\/wp\/v2\/comments?post=21467"}],"version-history":[{"count":1,"href":"https:\/\/edublog.educastur.es\/ixuxu\/wp-json\/wp\/v2\/posts\/21467\/revisions"}],"predecessor-version":[{"id":21468,"href":"https:\/\/edublog.educastur.es\/ixuxu\/wp-json\/wp\/v2\/posts\/21467\/revisions\/21468"}],"wp:attachment":[{"href":"https:\/\/edublog.educastur.es\/ixuxu\/wp-json\/wp\/v2\/media?parent=21467"}],"wp:term":[{"taxonomy":"category","embeddable":true,"href":"https:\/\/edublog.educastur.es\/ixuxu\/wp-json\/wp\/v2\/categories?post=21467"},{"taxonomy":"post_tag","embeddable":true,"href":"https:\/\/edublog.educastur.es\/ixuxu\/wp-json\/wp\/v2\/tags?post=21467"}],"curies":[{"name":"wp","href":"https:\/\/api.w.org\/{rel}","templated":true}]}}