{"id":21521,"date":"2023-08-16T10:00:45","date_gmt":"2023-08-16T08:00:45","guid":{"rendered":"https:\/\/edublog.educastur.es\/ixuxu\/?p=21521"},"modified":"2023-08-18T11:53:25","modified_gmt":"2023-08-18T09:53:25","slug":"tal-dia-como-guei-dexabanos-aretha-franklin-la-reina-del-soul","status":"publish","type":"post","link":"https:\/\/edublog.educastur.es\/ixuxu\/2023\/08\/tal-dia-como-guei-dexabanos-aretha-franklin-la-reina-del-soul\/","title":{"rendered":"Tal d\u00eda como g\u00fcei dex\u00e1banos Aretha Franklin, la Reina del Soul."},"content":{"rendered":"<blockquote><p><em><span style=\"color: #800080\">Home o muyer, blancu o negru, toos queremos y precisamos respetu. Ye&#8217;l nuesu derechu humanu fundamental<\/span><\/em><\/p><\/blockquote>\n<p style=\"text-align: center\">\n<!-- iframe plugin v.6.0 wordpress.org\/plugins\/iframe\/ -->\n<iframe width=\"\u00bb100%\u00bb\" height=\"\u00bb523&#8243;\" src title=\"\u00bbAretha\" 0=\"Franklin\" 1=\"&#8211;\" 2=\"Respect\" 3=\"[1967\" scrolling=\"yes\" class=\"iframe-class\" frameborder=\"0\"><\/iframe>\n (Aretha&#8217;s Original Version)\u00bb frameborder=\u00bb0&#8243; allow=\u00bbaccelerometer; autoplay; clipboard-write; encrypted-media; gyroscope; picture-in-picture; web-share\u00bb allowfullscreen \/iframe]<\/p>\n<p>L&#8217;artista, que se convertir\u00eda nun iconu de la hestoria del Soul, naci\u00f3 en Memphis en 1942, nel senu d&#8217;una familia afroamericana compuesta por un popular reverendu y una cantante de gospel.<\/p>\n<p><!--more--><\/p>\n<p>Foi precisamente nel coru de la ilesia del so padre onde Aretha empezar\u00eda a cantar xuntu coles sos hermanes. Tami\u00e9n nesta redolada familiar ser\u00eda onde entrar\u00eda en contactu col movimientu de los derechos civiles.<\/p>\n<p style=\"text-align: center\"><a href=\"https:\/\/historia.nationalgeographic.com.es\/medio\/2022\/03\/18\/aretha-franklin-en-el-ano-1960_6d2689e5_550x641.jpeg\"><img loading=\"lazy\" decoding=\"async\" class=\"aligncenter size-full\" src=\"https:\/\/historia.nationalgeographic.com.es\/medio\/2022\/03\/18\/aretha-franklin-en-el-ano-1960_6d2689e5_550x641.jpeg\" width=\"550\" height=\"641\" \/><\/a><\/p>\n<p>Los sos raiga\u00f1os gospel marcaron los entamos d&#8217;una carrera esitosa qu&#8217;empez\u00f3 en 1956 y que solmenar\u00eda&#8217;l panorama musical de los 60, report\u00e1ndo-y un total de 18 premios Grammy y 10 millones de discos vend\u00edos. R\u00e1pido convirti\u00f3se nun iconu de la comunid\u00e1 afroamericana, con cantares que conten\u00eden mensaxes de gran reivindicaci\u00f3n feminista y de llucha polos derechos civiles. Ente los sos cl\u00e1sicos atopamos temes como Spanish Harlem, (You make me feel like) A Natural woman, Say a Little prayer o Respect. Precisamente, Respect transpiraba un reclamu feminista que lu convertir\u00eda nun himnu de la llucha polos derechos de les muyeres.<\/p>\n<p style=\"text-align: center\">\n<!-- iframe plugin v.6.0 wordpress.org\/plugins\/iframe\/ -->\n<iframe loading=\"lazy\" width=\"100%\" height=\"523\" src=\"https:\/\/www.youtube.com\/embed\/efIAM5dzuDs\" title=\"WATCH: Aretha Franklin sings &amp;quot;(You Make Me Feel Like) A Natural Woman&amp;quot;\" frameborder=\"0\" allow=\"accelerometer; autoplay; clipboard-write; encrypted-media; gyroscope; picture-in-picture; web-share\" 0=\"allowfullscreen\" 1=\"\/iframe\" scrolling=\"yes\" class=\"iframe-class\"><\/iframe>\n<\/p>\n<p>Dende la UNESCO, vamos recordala siempres pol so gran contribuci\u00f3n al mundu de la cultura, ferramienta que lu sirvi\u00f3 pa lluchar pol respetu de los derechos humanos pa llograr un mundu m\u00e1s xustu.<\/p>\n","protected":false},"excerpt":{"rendered":"<p>Home o muyer, blancu o negru, toos queremos y precisamos respetu. Ye&#8217;l nuesu derechu humanu fundamental (Aretha&#8217;s Original Version)\u00bb frameborder=\u00bb0&#8243; allow=\u00bbaccelerometer; autoplay; clipboard-write; encrypted-media; gyroscope; picture-in-picture; web-share\u00bb allowfullscreen \/iframe] L&#8217;artista, que se convertir\u00eda nun iconu de la hestoria del Soul, naci\u00f3 en Memphis en 1942, nel senu d&#8217;una familia afroamericana compuesta por un popular reverendu [&hellip;]<\/p>\n","protected":false},"author":117,"featured_media":0,"comment_status":"open","ping_status":"open","sticky":false,"template":"","format":"standard","meta":{"footnotes":""},"categories":[35,121,1],"tags":[],"class_list":["post-21521","post","type-post","status-publish","format-standard","hentry","category-musica","category-muyeres","category-sin-categoria"],"_links":{"self":[{"href":"https:\/\/edublog.educastur.es\/ixuxu\/wp-json\/wp\/v2\/posts\/21521","targetHints":{"allow":["GET"]}}],"collection":[{"href":"https:\/\/edublog.educastur.es\/ixuxu\/wp-json\/wp\/v2\/posts"}],"about":[{"href":"https:\/\/edublog.educastur.es\/ixuxu\/wp-json\/wp\/v2\/types\/post"}],"author":[{"embeddable":true,"href":"https:\/\/edublog.educastur.es\/ixuxu\/wp-json\/wp\/v2\/users\/117"}],"replies":[{"embeddable":true,"href":"https:\/\/edublog.educastur.es\/ixuxu\/wp-json\/wp\/v2\/comments?post=21521"}],"version-history":[{"count":5,"href":"https:\/\/edublog.educastur.es\/ixuxu\/wp-json\/wp\/v2\/posts\/21521\/revisions"}],"predecessor-version":[{"id":21526,"href":"https:\/\/edublog.educastur.es\/ixuxu\/wp-json\/wp\/v2\/posts\/21521\/revisions\/21526"}],"wp:attachment":[{"href":"https:\/\/edublog.educastur.es\/ixuxu\/wp-json\/wp\/v2\/media?parent=21521"}],"wp:term":[{"taxonomy":"category","embeddable":true,"href":"https:\/\/edublog.educastur.es\/ixuxu\/wp-json\/wp\/v2\/categories?post=21521"},{"taxonomy":"post_tag","embeddable":true,"href":"https:\/\/edublog.educastur.es\/ixuxu\/wp-json\/wp\/v2\/tags?post=21521"}],"curies":[{"name":"wp","href":"https:\/\/api.w.org\/{rel}","templated":true}]}}