{"id":2155,"date":"2020-12-16T11:10:30","date_gmt":"2020-12-16T09:10:30","guid":{"rendered":"https:\/\/edublog.educastur.es\/ixuxu\/?p=2155"},"modified":"2020-12-27T15:27:13","modified_gmt":"2020-12-27T13:27:13","slug":"xxxvi-premiu-andres-solar","status":"publish","type":"post","link":"https:\/\/edublog.educastur.es\/ixuxu\/2020\/12\/xxxvi-premiu-andres-solar\/","title":{"rendered":"XXXVI  Premiu Andr\u00e9s Solar"},"content":{"rendered":"<p><img loading=\"lazy\" decoding=\"async\" class=\"alignnone \" src=\"https:\/\/pururemangu.com\/wp-content\/uploads\/2020\/07\/cropped-puru-remangu-1.png\" width=\"169\" height=\"169\" \/><\/p>\n<p><span style=\"font-size: 20px\"><span style=\"color: #008080\"><strong>Puru Remangu<\/strong><\/span>, la inciativa empresarial que comercializa ropa y otros productos con mensaxes n\u2019asturianu result\u00f3 ganadora de la edici\u00f3n <span style=\"color: #008080\"><strong>XXXVI del Premiu Andr\u00e9s Solar.<\/strong><\/span> La Xunta pola Defensa de la Llingua Asturiana (XDLA) valor\u00f3 de manera mui positiva l\u2019usu de la nuestra llingua na imaxe, nes campa\u00f1es y nos dise\u00f1os reivindicativos, feministes y modernos que faen de Puru Remangu una marca reconocible y reconocida, y\u00e1 tami\u00e9n fuera d\u2019Asturies. El so apueste pol asturianu tami\u00e9n pudo vese nes sos redes sociales y conect\u00f3 cola xente m\u00e1s mozo con iniciatives cuasi virales.<\/span><\/p>\n<p><a href=\"https:\/\/img.europapress.es\/fotoweb\/fotonoticia_20201215172421_640.jpg\"><img loading=\"lazy\" decoding=\"async\" class=\"alignnone\" src=\"https:\/\/img.europapress.es\/fotoweb\/fotonoticia_20201215172421_640.jpg\" alt=\"\" width=\"640\" height=\"480\" \/><\/a><\/p>\n<ul>\n<li><em><a href=\"https:\/\/pururemangu.com\/\">Web: <strong>Puru Remangu<\/strong><\/a><\/em><\/li>\n<li><a href=\"https:\/\/www.youtube.com\/channel\/UCtv-Cx97UpnRouj0v36Y4Ww\">Canal Youtube<\/a><\/li>\n<li><a href=\"https:\/\/m.facebook.com\/pururemangu\/\">https:\/\/m.facebook.com\/pururemangu\/<\/a><\/li>\n<li>\n<div id=\"u_x_3s\" class=\"_2nx_ _2rgt _1j-g _2rgt\" data-nt=\"NT:BOX\" data-ntid=\"u_x_3s\">\n<div id=\"u_x_3x\" class=\"_9_7 _2rgt _1j-f _2rgt\" data-nt=\"NT:BOX_3\">\n<div id=\"u_x_4f\" class=\"_9_7 _2rgt _1j-g _2rgt\" data-nt=\"NT:BOX_3\" data-ntid=\"u_x_4f\">\n<p><a href=\"http:\/\/www.pururemangu.com\/\">http:\/\/www.pururemangu.com\/<\/a><\/p>\n<div id=\"u_x_4k\" class=\"_7-v _9_7 _2rgt _1j-f _2rgt\" data-nt=\"NT:BOX_3\">\n<div id=\"u_x_4l\" class=\"_59k _2rgt _1j-f _2rgt\" data-nt=\"FB:TEXT4\">687 32 22 36<\/div>\n<\/div>\n<\/div>\n<\/div>\n<\/div>\n<\/li>\n<\/ul>\n<p><!--more--><\/p>\n<p>Los Premios Andr\u00e9s Solar cre\u00f3los la Xunta pola Defensa de la Llingua Asturiana en 1985 n&#8217;alcordanza del escritor y miembru de la organizaci\u00f3n Andr\u00e9s Manuel Solar Santurio, muertu n&#8217;accidente de tr\u00e1ficu en 1984. Tienen dos categor\u00edes: el<span style=\"color: #008080\"><strong><em> Pegollu<\/em><\/strong><\/span>, <span style=\"color: #008080\">empobin\u00e1u a los que defendieran la llingua asturiana o favorecieran la so normalizaci\u00f3n<\/span>, y el <span style=\"color: #008080\"><em>Madre\u00f1azu purpurina<\/em><\/span>, p\u2019aquellos que desanicien o contin\u00faen testeronamente desprestixando&#8217;l valir de la llingua y el sentimientu de los sos falantes.<\/p>\n\n<!-- iframe plugin v.6.0 wordpress.org\/plugins\/iframe\/ -->\n<iframe loading=\"lazy\" width=\"588\" height=\"331\" src=\"https:\/\/www.youtube.com\/embed\/DYzpCkT-5Tw\" scrolling=\"yes\" class=\"iframe-class\" frameborder=\"0\"><\/iframe>\n\n<ul>\n<li>\n<h1 class=\"mvp-post-title left entry-title\"><a href=\"https:\/\/www.nortes.me\/2020\/12\/15\/puru-remangu-premiada-pol-so-compromisu-col-asturianu\/\"><span style=\"font-size: 20px\">Puru Remangu premiada pol so compromisu col asturianu<\/span><\/a><\/h1>\n<\/li>\n<\/ul>\n<div class=\"mvp-post-main-top left relative\">\n<header class=\"mvp-post-head-wrap left relative\">\n<div class=\"mvp-post-head relative\">\n<p>La marca de ropa creada por Enar Areces recibe\u2019l Premiu Andr\u00e9s Solar de la Xunta Pola Defensa de la Llingua Asturiana.<\/p>\n<\/div>\n<\/header>\n<div class=\"mvp-post-img-wrap left relative\">\n<div class=\"mvp-post-img left relative\"><img loading=\"lazy\" decoding=\"async\" class=\"attachment- size- wp-post-image\" src=\"https:\/\/www.nortes.me\/wp-content\/uploads\/2020\/12\/enar.jpg\" alt=\"\" width=\"507\" height=\"484\" \/><\/div>\n<p><span class=\"mvp-post-img-cap\">Enar Areces, fundadora de Puru Remangu.<\/span><\/p>\n<\/div>\n<\/div>\n<div class=\"mvp-post-main left relative\">\n<div class=\"mvp-post-body left relative\">\n<div class=\"mvp-post-content left relative\">\n<div class=\"mvp-content-wrap relative\">\n<div class=\"mvp-content-main left relative\">\n<div id=\"tps_slideContainer_7615\" class=\"theiaPostSlider_slides\">\n<div class=\"theiaPostSlider_preloadedSlide\">\n<p><strong><a href=\"https:\/\/pururemangu.com\/\">Puru Remangu<\/a><\/strong>, la inciativa empresarial que comercializa ropa y otros productos con mensaxes n\u2019asturianu result\u00f3 ganadora de la edici\u00f3n XXXVI del <strong>Premiu Andr\u00e9s Solar<\/strong>. La <strong>Xunta pola Defensa de la Llingua Asturiana <\/strong>(XDLA) valor\u00f3 de manera mui positiva l\u2019usu de la nuestra llingua na imaxe, nes campa\u00f1es y nos dise\u00f1os reivindicativos, feministes y modernos que faen de <strong>Puru Remangu<\/strong> una marca reconocible y reconocida, y\u00e1 tami\u00e9n fuera d\u2019Asturies. El so apueste pol asturianu tami\u00e9n pudo vese nes sos redes sociales y conect\u00f3 cola xente m\u00e1s mozo con iniciatives cuasi virales.<\/p>\n<div class=\"code-block code-block-5\"><\/div>\n<figure class=\"wp-block-gallery columns-1 is-cropped\"><\/figure>\n<figure><img loading=\"lazy\" decoding=\"async\" class=\"wp-image-7616\" src=\"https:\/\/www.nortes.me\/wp-content\/uploads\/2020\/12\/puru1-682x1024.jpg\" alt=\"\" width=\"345\" height=\"518\" data-id=\"7616\" data-full-url=\"https:\/\/www.nortes.me\/wp-content\/uploads\/2020\/12\/puru1-scaled.jpg\" data-link=\"https:\/\/www.nortes.me\/?attachment_id=7616\" \/><\/figure>\n<figure class=\"wp-block-gallery columns-1 is-cropped\"><\/figure>\n<p>\u201cEsti a\u00f1u 2020, foron delles les candidatures propuestes como merecedores del Premiu Andr\u00e9s Solar, lo que ye un signu mui positivu de la vitalid\u00e1 de la reivindicaci\u00f3n lling\u00fc\u00edstica n\u2019Asturies y de la volunt\u00e1 de tantos asturianos y asturianes de vivir y trabayar n\u2019asturianu, entamando proyectos n\u2019ambitos tan estremaos como\u2019l deporte, la moda, la telefon\u00eda m\u00f3vil o los xuegos infantiles, ente munchos otros\u201d se\u00f1ala XDLA nun comunic\u00e1u: \u201cla Xunta nun pue m\u00e1s que felicitase y felicitar a toos y toes, am\u00e1s d\u2019esperar que pa otres ocasiones la escoyeta tea igual de d\u00edficil qu\u2019angua\u00f1o\u201d.<\/p>\n<p>Por \u00faltimo, nesta edici\u00f3n, como y\u00e1 pasara na anterior, la XDLA decidi\u00f3 nun dar la Madre\u00f1a de Purpurina, el premiu negativu y dexar el Pegollu como \u00fanicu gallard\u00f3n \u2014positivu\u2014 d\u2019estos Premios Andr\u00e9s Solar pos \u201cles posiciones en contra de la reconocencia de derechos pa los falantes de les lling\u00fces d\u2019Asturies son y\u00e1 testimoniales y nun merecen un minutu m\u00e1s de protagonismu\u201d. Otra noved\u00e1 d\u2019esta edici\u00f3n ye que, pola situaci\u00f3n sanitaria, nun va poder celebrase l\u2019actu d\u2019entrega habitual en Xix\u00f3n, asina qu\u2019esti xueves 17 d\u2019avientu, a les 20 hores, va presentase un videu especial na canal de YouTube de la XDLA.<\/p>\n<\/div>\n<\/div>\n<\/div>\n<div class=\"mvp-post-bot-wrap left relative\">\n<div class=\"mvp-post-bot\">\n<div class=\"mvp-prev-next-wrap left relative\">\n<div class=\"mvp-prev-wrap\"><\/div>\n<\/div>\n<\/div>\n<\/div>\n<\/div>\n<\/div>\n<\/div>\n<\/div>\n","protected":false},"excerpt":{"rendered":"<p>Puru Remangu, la inciativa empresarial que comercializa ropa y otros productos con mensaxes n\u2019asturianu result\u00f3 ganadora de la edici\u00f3n XXXVI del Premiu Andr\u00e9s Solar. La Xunta pola Defensa de la Llingua Asturiana (XDLA) valor\u00f3 de manera mui positiva l\u2019usu de la nuestra llingua na imaxe, nes campa\u00f1es y nos dise\u00f1os reivindicativos, feministes y modernos que [&hellip;]<\/p>\n","protected":false},"author":117,"featured_media":0,"comment_status":"closed","ping_status":"open","sticky":false,"template":"","format":"standard","meta":{"footnotes":""},"categories":[58],"tags":[],"class_list":["post-2155","post","type-post","status-publish","format-standard","hentry","category-premios"],"_links":{"self":[{"href":"https:\/\/edublog.educastur.es\/ixuxu\/wp-json\/wp\/v2\/posts\/2155","targetHints":{"allow":["GET"]}}],"collection":[{"href":"https:\/\/edublog.educastur.es\/ixuxu\/wp-json\/wp\/v2\/posts"}],"about":[{"href":"https:\/\/edublog.educastur.es\/ixuxu\/wp-json\/wp\/v2\/types\/post"}],"author":[{"embeddable":true,"href":"https:\/\/edublog.educastur.es\/ixuxu\/wp-json\/wp\/v2\/users\/117"}],"replies":[{"embeddable":true,"href":"https:\/\/edublog.educastur.es\/ixuxu\/wp-json\/wp\/v2\/comments?post=2155"}],"version-history":[{"count":7,"href":"https:\/\/edublog.educastur.es\/ixuxu\/wp-json\/wp\/v2\/posts\/2155\/revisions"}],"predecessor-version":[{"id":2167,"href":"https:\/\/edublog.educastur.es\/ixuxu\/wp-json\/wp\/v2\/posts\/2155\/revisions\/2167"}],"wp:attachment":[{"href":"https:\/\/edublog.educastur.es\/ixuxu\/wp-json\/wp\/v2\/media?parent=2155"}],"wp:term":[{"taxonomy":"category","embeddable":true,"href":"https:\/\/edublog.educastur.es\/ixuxu\/wp-json\/wp\/v2\/categories?post=2155"},{"taxonomy":"post_tag","embeddable":true,"href":"https:\/\/edublog.educastur.es\/ixuxu\/wp-json\/wp\/v2\/tags?post=2155"}],"curies":[{"name":"wp","href":"https:\/\/api.w.org\/{rel}","templated":true}]}}