{"id":21665,"date":"2023-09-01T19:55:19","date_gmt":"2023-09-01T17:55:19","guid":{"rendered":"https:\/\/edublog.educastur.es\/ixuxu\/?p=21665"},"modified":"2023-09-01T19:56:24","modified_gmt":"2023-09-01T17:56:24","slug":"21665","status":"publish","type":"post","link":"https:\/\/edublog.educastur.es\/ixuxu\/2023\/09\/21665\/","title":{"rendered":"El Princip\u00e1u lleva la celebraci\u00f3n del D\u00eda d&#8217;Asturies a Llaviana"},"content":{"rendered":"<p style=\"text-align: center\"><a href=\"http:\/\/www.asturiesculturaenrede.es\/uploads\/fotos\/VBYp3zKPJsdATJ9KCsyWvUGR7ug79xjm.jpg\"><img loading=\"lazy\" decoding=\"async\" class=\"aligncenter size-full\" src=\"http:\/\/www.asturiesculturaenrede.es\/uploads\/fotos\/VBYp3zKPJsdATJ9KCsyWvUGR7ug79xjm.jpg\" width=\"1150\" height=\"750\" \/><\/a><\/p>\n<p>? Angua\u00f1o, los actos l\u00fadicos y culturales qu&#8217;entama&#8217;l Gobiernu del Princip\u00e1u para conmemorar el D\u00eda d&#8217;Asturies van cellebrase nel conceyu de Llaviana. Como y\u00e1 ye tradicional, el programa festivu va incluyir conciertos, un merc\u00e1u artesano y uno amplia varied\u00e1 d&#8217;actividaes para tolos p\u00fablicos. A partir del llunes, 4 de setiembre, tola informaci\u00f3n en\u00a0<a class=\"x1i10hfl xjbqb8w x6umtig x1b1mbwd xaqea5y xav7gou x9f619 x1ypdohk xt0psk2 xe8uvvx xdj266r x11i5rnm xat24cr x1mh8g0r xexx8yu x4uap5 x18d9i69 xkhd6sd x16tdsg8 x1hl2dhg xggy1nq x1a2a7pz xt0b8zv x1fey0fg\" role=\"link\" href=\"http:\/\/www.asturiesculturaenrede.es\/es\/programacion\/2991\/da-de-asturias-2023-en-laviana.html?fbclid=IwAR2YwFSGFPkrcY-lbHNwLOuHo9OKjefYuiK7cSkWwIfcL0hxV6gxUeXjnio\" target=\"_blank\" rel=\"nofollow noopener noreferrer\">http:\/\/www.asturiesculturaenrede.es\/&#8230;\/da-de-asturias&#8230;<\/a><\/p>\n","protected":false},"excerpt":{"rendered":"<p>? Angua\u00f1o, los actos l\u00fadicos y culturales qu&#8217;entama&#8217;l Gobiernu del Princip\u00e1u para conmemorar el D\u00eda d&#8217;Asturies van cellebrase nel conceyu de Llaviana. Como y\u00e1 ye tradicional, el programa festivu va incluyir conciertos, un merc\u00e1u artesano y uno amplia varied\u00e1 d&#8217;actividaes para tolos p\u00fablicos. A partir del llunes, 4 de setiembre, tola informaci\u00f3n en\u00a0http:\/\/www.asturiesculturaenrede.es\/&#8230;\/da-de-asturias&#8230;<\/p>\n","protected":false},"author":117,"featured_media":0,"comment_status":"open","ping_status":"open","sticky":false,"template":"","format":"standard","meta":{"footnotes":""},"categories":[19,6],"tags":[],"class_list":["post-21665","post","type-post","status-publish","format-standard","hentry","category-asturies","category-dia-de"],"_links":{"self":[{"href":"https:\/\/edublog.educastur.es\/ixuxu\/wp-json\/wp\/v2\/posts\/21665","targetHints":{"allow":["GET"]}}],"collection":[{"href":"https:\/\/edublog.educastur.es\/ixuxu\/wp-json\/wp\/v2\/posts"}],"about":[{"href":"https:\/\/edublog.educastur.es\/ixuxu\/wp-json\/wp\/v2\/types\/post"}],"author":[{"embeddable":true,"href":"https:\/\/edublog.educastur.es\/ixuxu\/wp-json\/wp\/v2\/users\/117"}],"replies":[{"embeddable":true,"href":"https:\/\/edublog.educastur.es\/ixuxu\/wp-json\/wp\/v2\/comments?post=21665"}],"version-history":[{"count":3,"href":"https:\/\/edublog.educastur.es\/ixuxu\/wp-json\/wp\/v2\/posts\/21665\/revisions"}],"predecessor-version":[{"id":21668,"href":"https:\/\/edublog.educastur.es\/ixuxu\/wp-json\/wp\/v2\/posts\/21665\/revisions\/21668"}],"wp:attachment":[{"href":"https:\/\/edublog.educastur.es\/ixuxu\/wp-json\/wp\/v2\/media?parent=21665"}],"wp:term":[{"taxonomy":"category","embeddable":true,"href":"https:\/\/edublog.educastur.es\/ixuxu\/wp-json\/wp\/v2\/categories?post=21665"},{"taxonomy":"post_tag","embeddable":true,"href":"https:\/\/edublog.educastur.es\/ixuxu\/wp-json\/wp\/v2\/tags?post=21665"}],"curies":[{"name":"wp","href":"https:\/\/api.w.org\/{rel}","templated":true}]}}