{"id":21680,"date":"2023-09-01T20:16:50","date_gmt":"2023-09-01T18:16:50","guid":{"rendered":"https:\/\/edublog.educastur.es\/ixuxu\/?p=21680"},"modified":"2023-09-01T20:17:16","modified_gmt":"2023-09-01T18:17:16","slug":"el-mundu-del-nenu","status":"publish","type":"post","link":"https:\/\/edublog.educastur.es\/ixuxu\/2023\/09\/el-mundu-del-nenu\/","title":{"rendered":"\u00abEl mundu del ne\u00f1u\u00bb"},"content":{"rendered":"<p style=\"text-align: center\">\n<!-- iframe plugin v.6.0 wordpress.org\/plugins\/iframe\/ -->\n<iframe loading=\"lazy\" src=\"https:\/\/www.facebook.com\/plugins\/post.php?href=https%3A%2F%2Fwww.facebook.com%2Fmary.celeste.7%2Fposts%2Fpfbid02LzhJZtubYQ4xnUqRmjeTVidCzDdJiaB9A17Lg9rYwLijHzDYRfr8UoZy822oAmNxl&#038;show_text=false&#038;width=500\" width=\"500\" height=\"498\" style=\"border:none;overflow:hidden\" scrolling=\"no\" frameborder=\"0\" allowfullscreen=\"true\" allow=\"autoplay; clipboard-write; encrypted-media; picture-in-picture; web-share\" 0=\"\/iframe\" class=\"iframe-class\"><\/iframe>\n<\/p>\n<p>Testu de Rabindranath Tagore \/ <a href=\"https:\/\/www.facebook.com\/photo\/?fbid=829302012161704&amp;set=a.139084857850093\">imaxe<\/a><\/p>\n<p><span style=\"color: #800080\"><em>\u00a1Ah, si yo pudiera entrar hasta&#8217;l mesmu centru del mundu del mio ne\u00f1u pa escoyer ell\u00ed un placentero abelugo! S\u00e9 qu&#8217;esi mundu tien estrelles que-y falen, y un cielu que baxa hasta la so cara y prestase colos sos arcoiris y les sos fant\u00e1stiques nubes.<\/em><\/span><\/p>\n<p><!--more--><\/p>\n<p><span style=\"color: #800080\"><em>Esos que paecen ser mudos ya incapaces d&#8217;un solu movimientu, esm\u00facense de callao a la so ventana y c\u00fanten-y historietes y ufi\u00e9rten-y montones de xuguetes de brillosos colores.<\/em><\/span><\/p>\n<p><span style=\"color: #800080\"><em>\u00a1Ah, si yo pudiera caminar pel senderu que crucia l&#8217;esp\u00edritu del mio ne\u00f1u y siguilo ent\u00e1 m\u00e1s all\u00e1, m\u00e1s all\u00e1, fora de toos les llendes! Hasta onde mensaxeros ensin mensaxe van y vienen ente Estaos de reis ensin hestoria, onde la raz\u00f3n fai barriletes de les sos lleis y les llanza al aire; onde la verd\u00e1 llibera a les acciones de les sos grilletes.<\/em><\/span><\/p>\n","protected":false},"excerpt":{"rendered":"<p>Testu de Rabindranath Tagore \/ imaxe \u00a1Ah, si yo pudiera entrar hasta&#8217;l mesmu centru del mundu del mio ne\u00f1u pa escoyer ell\u00ed un placentero abelugo! S\u00e9 qu&#8217;esi mundu tien estrelles que-y falen, y un cielu que baxa hasta la so cara y prestase colos sos arcoiris y les sos fant\u00e1stiques nubes.<\/p>\n","protected":false},"author":117,"featured_media":0,"comment_status":"open","ping_status":"open","sticky":false,"template":"","format":"quote","meta":{"footnotes":""},"categories":[1],"tags":[],"class_list":["post-21680","post","type-post","status-publish","format-quote","hentry","category-sin-categoria","post_format-post-format-quote"],"_links":{"self":[{"href":"https:\/\/edublog.educastur.es\/ixuxu\/wp-json\/wp\/v2\/posts\/21680","targetHints":{"allow":["GET"]}}],"collection":[{"href":"https:\/\/edublog.educastur.es\/ixuxu\/wp-json\/wp\/v2\/posts"}],"about":[{"href":"https:\/\/edublog.educastur.es\/ixuxu\/wp-json\/wp\/v2\/types\/post"}],"author":[{"embeddable":true,"href":"https:\/\/edublog.educastur.es\/ixuxu\/wp-json\/wp\/v2\/users\/117"}],"replies":[{"embeddable":true,"href":"https:\/\/edublog.educastur.es\/ixuxu\/wp-json\/wp\/v2\/comments?post=21680"}],"version-history":[{"count":2,"href":"https:\/\/edublog.educastur.es\/ixuxu\/wp-json\/wp\/v2\/posts\/21680\/revisions"}],"predecessor-version":[{"id":21682,"href":"https:\/\/edublog.educastur.es\/ixuxu\/wp-json\/wp\/v2\/posts\/21680\/revisions\/21682"}],"wp:attachment":[{"href":"https:\/\/edublog.educastur.es\/ixuxu\/wp-json\/wp\/v2\/media?parent=21680"}],"wp:term":[{"taxonomy":"category","embeddable":true,"href":"https:\/\/edublog.educastur.es\/ixuxu\/wp-json\/wp\/v2\/categories?post=21680"},{"taxonomy":"post_tag","embeddable":true,"href":"https:\/\/edublog.educastur.es\/ixuxu\/wp-json\/wp\/v2\/tags?post=21680"}],"curies":[{"name":"wp","href":"https:\/\/api.w.org\/{rel}","templated":true}]}}