{"id":21708,"date":"2023-09-01T21:17:31","date_gmt":"2023-09-01T19:17:31","guid":{"rendered":"https:\/\/edublog.educastur.es\/ixuxu\/?p=21708"},"modified":"2023-09-01T21:23:08","modified_gmt":"2023-09-01T19:23:08","slug":"presentacion-del-xiii-sisga-en-xapon","status":"publish","type":"post","link":"https:\/\/edublog.educastur.es\/ixuxu\/2023\/09\/presentacion-del-xiii-sisga-en-xapon\/","title":{"rendered":"Presentaci\u00f3n del XIII SISGA en Xap\u00f3n"},"content":{"rendered":"<h3 class=\"entry-title\"><a href=\"https:\/\/www.lasidra.as\/presentacion-del-sisga-en-xapon\/\">Presentaci\u00f3n del XIII SISGA en Xap\u00f3n<\/a><\/h3>\n<div class=\"entry-meta\"><span class=\"post-author\"><span class=\"author vcard\"><a class=\"url fn n\" href=\"https:\/\/www.lasidra.as\/author\/lasidra\/\">lasidra<\/a><\/span><\/span><span class=\"posted-on\"> <a href=\"https:\/\/www.lasidra.as\/presentacion-del-sisga-en-xapon\/\" rel=\"bookmark\">24 Xunetu, 2023<\/a><\/span> <span class=\"cat-links\"><a class=\"cat-43\" href=\"https:\/\/www.lasidra.as\/category\/eventos-as\/\" rel=\"category tag\">Eventos<\/a><a class=\"cat-41\" href=\"https:\/\/www.lasidra.as\/category\/internacional-as\/\" rel=\"category tag\">Internacional<\/a><a class=\"cat-7\" href=\"https:\/\/www.lasidra.as\/category\/llagares\/\" rel=\"category tag\">Llagares<\/a><a class=\"cat-4\" href=\"https:\/\/www.lasidra.as\/category\/eventos-as\/sisga-as\/\" rel=\"category tag\">SISGA<\/a><\/span><\/div>\n<div><\/div>\n<div style=\"text-align: center\"><a href=\"https:\/\/www.lasidra.as\/wp-content\/uploads\/2023\/07\/Tokio-recurtiada-1200x630.jpg\"><img loading=\"lazy\" decoding=\"async\" class=\"aligncenter size-full\" src=\"https:\/\/www.lasidra.as\/wp-content\/uploads\/2023\/07\/Tokio-recurtiada-1200x630.jpg\" width=\"1200\" height=\"630\" \/><\/a><\/div>\n<p>&nbsp;<\/p>\n<p>El Delleg\u00e1u Internacional de la Fundaci\u00f3n Asturies XXI, Anzu Fern\u00e1ndez, impartir\u00e1 sendes conferencies el 24 y 30 d&#8217;esti mes en Xap\u00f3n, presentando&#8217;l XIII SISGA -Sal\u00f3n Internacional de les Sidres de Gala-, y falando de la sidre asturiano. LA SIDRA.- Una dellegaci\u00f3n de la Revista LA SIDRA y de la Fundaci\u00f3n Asturies.<\/p>\n<ul>\n<li><a href=\"https:\/\/www.japancidercup.com\/\">https:\/\/www.japancidercup.com\/<\/a><\/li>\n<li><a href=\"https:\/\/www.facebook.com\/japancidercup\">Facebook<\/a> \/ <a href=\"https:\/\/www.facebook.com\/photo\/?fbid=144350175273000&amp;set=pcb.144431145264903\"><strong>cartelu<\/strong> <\/a>\/<\/li>\n<li><a href=\"https:\/\/www.lasidra.as\/la-sidre-asturiano-nhiroshima\/\">https:\/\/www.lasidra.as\/la-sidre-asturiano-nhiroshima\/<\/a><\/li>\n<\/ul>\n<p><!--more--><\/p>\n<p><strong>El Delleg\u00e1u Internacional de la Fundaci\u00f3n Asturies XXI, Anzu Fern\u00e1ndez, impartir\u00e1 sendes conferencies el 24 y 30 d\u2019esti mes en Xap\u00f3n, presentando\u2019l <a href=\"http:\/\/www.sisga.info\" target=\"_blank\" rel=\"noopener\">XIII SISGA<\/a> -Sal\u00f3n Internacional de les Sidres de Gala-, y falando de la sidre asturiano.<\/strong><\/p>\n<p style=\"text-align: center\">\n<!-- iframe plugin v.6.0 wordpress.org\/plugins\/iframe\/ -->\n<iframe loading=\"lazy\" src=\"https:\/\/www.facebook.com\/plugins\/post.php?href=https%3A%2F%2Fwww.facebook.com%2Fphoto.php%3Ffbid%3D144350175273000%26set%3Da.127990950242256%26type%3D3&#038;show_text=false&#038;width=500\" width=\"500\" height=\"722\" style=\"border:none;overflow:hidden\" scrolling=\"no\" frameborder=\"0\" allowfullscreen=\"true\" allow=\"autoplay; clipboard-write; encrypted-media; picture-in-picture; web-share\" 0=\"\/iframe\" class=\"iframe-class\"><\/iframe>\n<\/p>\n<p>LA SIDRA.- Una dellegaci\u00f3n de la Revista LA SIDRA y de la Fundaci\u00f3n Asturies XXI desplaz\u00f3se a Xap\u00f3n pa participar na Tokyo Cider Collection 2023, una de les mayores feries internacionales de sidre, referencial en tol continente asi\u00e1ticu, que cellebrar\u00e1 la so ochava edici\u00f3n a finales del mes de xunetu.<\/p>\n<p>Los oxetivos son m\u00faltiples, per un llau recoyer les actividaes de la feria y l\u2019actualid\u00e1 sidrera del pa\u00eds, y per otru protagonizando dos conferencies dientru\u2019l programa del eventu, nes que se presentar\u00e1\u2019l XIII Sal\u00f3n Internacional de les Sidres de Gala, la sidre asturiano y la cultura asturiana de la sidre.<\/p>\n<p>Asina, Anzu Fern\u00e1ndez -delleg\u00e1u internacional de la Fundaci\u00f3n Asturies XXI- impartir\u00e1 dos conferencies dientru del ciclu formativu d\u2019esti eventu. La primera d\u2019elles tendr\u00e1 llugar el 24 xunetu n\u2019Hiroshima como parte del seminariu de sidre pa profesionales de la hosteler\u00eda entam\u00e1u pol llagar Kimura. La segunda conferencia, tendr\u00e1 como escenariu\u2019l rascacielos Tokyo Big Shigt, cuntando col sofitu del llagar Fukiware Cidrerie y la sidrer\u00eda tokiota Sidrer\u00eda Eclipse First.<\/p>\n<p>Nes conferencies, arriendes de presentar el XIII SISGA, versar\u00e1n sobro la hestoria de la sidre d\u2019Asturies, les peculiaridaes de la nuesa cultura sidrera, l\u2019actualid\u00e1 del seutor sidreru y tami\u00e9n incluir\u00e1n una masterclass d\u2019ech\u00e1u de sidre. Too ello averar\u00e1\u2019l nuesu pa\u00eds al p\u00fablicu profesional y particular de la capital xaponesa y servir\u00e1 tami\u00e9n pa desendolcar futures rellaciones con productores.<\/p>\n<p style=\"text-align: center\">\n<!-- iframe plugin v.6.0 wordpress.org\/plugins\/iframe\/ -->\n<iframe loading=\"lazy\" width=\"640\" height=\"360\" src=\"https:\/\/www.youtube.com\/embed\/Nku5qywdogw\" title=\"Asturies na Tokyo Cider Collection 2023\" frameborder=\"0\" allow=\"accelerometer; autoplay; clipboard-write; encrypted-media; gyroscope; picture-in-picture; web-share\" 0=\"allowfullscreen\" 1=\"\/iframe\" scrolling=\"yes\" class=\"iframe-class\"><\/iframe>\n<\/p>\n","protected":false},"excerpt":{"rendered":"<p>Presentaci\u00f3n del XIII SISGA en Xap\u00f3n lasidra 24 Xunetu, 2023 EventosInternacionalLlagaresSISGA &nbsp; El Delleg\u00e1u Internacional de la Fundaci\u00f3n Asturies XXI, Anzu Fern\u00e1ndez, impartir\u00e1 sendes conferencies el 24 y 30 d&#8217;esti mes en Xap\u00f3n, presentando&#8217;l XIII SISGA -Sal\u00f3n Internacional de les Sidres de Gala-, y falando de la sidre asturiano. LA SIDRA.- Una dellegaci\u00f3n de la [&hellip;]<\/p>\n","protected":false},"author":117,"featured_media":0,"comment_status":"open","ping_status":"open","sticky":false,"template":"","format":"standard","meta":{"footnotes":""},"categories":[156],"tags":[],"class_list":["post-21708","post","type-post","status-publish","format-standard","hentry","category-sidre"],"_links":{"self":[{"href":"https:\/\/edublog.educastur.es\/ixuxu\/wp-json\/wp\/v2\/posts\/21708","targetHints":{"allow":["GET"]}}],"collection":[{"href":"https:\/\/edublog.educastur.es\/ixuxu\/wp-json\/wp\/v2\/posts"}],"about":[{"href":"https:\/\/edublog.educastur.es\/ixuxu\/wp-json\/wp\/v2\/types\/post"}],"author":[{"embeddable":true,"href":"https:\/\/edublog.educastur.es\/ixuxu\/wp-json\/wp\/v2\/users\/117"}],"replies":[{"embeddable":true,"href":"https:\/\/edublog.educastur.es\/ixuxu\/wp-json\/wp\/v2\/comments?post=21708"}],"version-history":[{"count":5,"href":"https:\/\/edublog.educastur.es\/ixuxu\/wp-json\/wp\/v2\/posts\/21708\/revisions"}],"predecessor-version":[{"id":21713,"href":"https:\/\/edublog.educastur.es\/ixuxu\/wp-json\/wp\/v2\/posts\/21708\/revisions\/21713"}],"wp:attachment":[{"href":"https:\/\/edublog.educastur.es\/ixuxu\/wp-json\/wp\/v2\/media?parent=21708"}],"wp:term":[{"taxonomy":"category","embeddable":true,"href":"https:\/\/edublog.educastur.es\/ixuxu\/wp-json\/wp\/v2\/categories?post=21708"},{"taxonomy":"post_tag","embeddable":true,"href":"https:\/\/edublog.educastur.es\/ixuxu\/wp-json\/wp\/v2\/tags?post=21708"}],"curies":[{"name":"wp","href":"https:\/\/api.w.org\/{rel}","templated":true}]}}