{"id":21743,"date":"2023-09-05T22:00:29","date_gmt":"2023-09-05T20:00:29","guid":{"rendered":"https:\/\/edublog.educastur.es\/ixuxu\/?p=21743"},"modified":"2023-09-05T22:28:06","modified_gmt":"2023-09-05T20:28:06","slug":"lasturiana-montse-tome-entrenadora-de-la-seleccion-femenina-de-futbol","status":"publish","type":"post","link":"https:\/\/edublog.educastur.es\/ixuxu\/2023\/09\/lasturiana-montse-tome-entrenadora-de-la-seleccion-femenina-de-futbol\/","title":{"rendered":"L&#8217;asturiana Montse Tom\u00e9, entrenadora de la Selecci\u00f3n Femenina de f\u00fatbol"},"content":{"rendered":"<div class=\"xdj266r x11i5rnm xat24cr x1mh8g0r x1vvkbs x126k92a\">\n<div dir=\"auto\" style=\"text-align: center\"><a href=\"https:\/\/rfef.es\/sites\/default\/files\/styles\/noticias_image_content\/public\/n\/seleccionadora_montse_tome_1600x900.png?itok=shyC9giY\"><img loading=\"lazy\" decoding=\"async\" class=\"aligncenter size-full\" src=\"https:\/\/rfef.es\/sites\/default\/files\/styles\/noticias_image_content\/public\/n\/seleccionadora_montse_tome_1600x900.png?itok=shyC9giY\" width=\"960\" height=\"540\" \/><\/a><\/div>\n<div dir=\"auto\">\u00a0???????? | La RFEF noma a Montse Tom\u00e9 nueva seleccionadora nacional femenina. L&#8217;asturiana va ser la primer muyer n&#8217;ostentar el cargu y va estrenase en septiembre na <a class=\"x1i10hfl xjbqb8w x6umtig x1b1mbwd xaqea5y xav7gou x9f619 x1ypdohk xt0psk2 xe8uvvx xdj266r x11i5rnm xat24cr x1mh8g0r xexx8yu x4uap5 x18d9i69 xkhd6sd x16tdsg8 x1hl2dhg xggy1nq x1a2a7pz xt0b8zv x1qq9wsj xo1l8bm\" role=\"link\" href=\"https:\/\/www.facebook.com\/hashtag\/nationsleague?__eep__=6&amp;__cft__[0]=AZWH4SQK2pwtxDqtjbx6ShC-la9jMVjgmGkmHThhQCsNTg-nkJTUxpr1waLeZjfNqrYaB5-eru8QWqI7fPkb7Q9WozkPKNWBqqSU9ScHGlPPLMHkm4HPv8QKfpDsspfp7QbknhcfTzLDNnB4HhaeazL91_Tfb-YBLQnLt0ZMZtiZSSUt7251OPIHhRtJH1zZB3mN5Ttmyg40QBf6mGtzq07P&amp;__tn__=*NK-y-R\">#NationsLeagu<\/a>e \u00e9nte Suecia y Suiza.<\/div>\n<\/div>\n<ul>\n<li>Fonte: <a class=\"x1i10hfl xjbqb8w x6umtig x1b1mbwd xaqea5y xav7gou x9f619 x1ypdohk xt0psk2 xe8uvvx xdj266r x11i5rnm xat24cr x1mh8g0r xexx8yu x4uap5 x18d9i69 xkhd6sd x16tdsg8 x1hl2dhg xggy1nq x1a2a7pz xt0b8zv x1fey0fg\" role=\"link\" href=\"https:\/\/bit.ly\/Montse_050923?fbclid=IwAR3-83S0UxwMKkSKONZcVylG9CllyOkAVYjdtieuRIW0p8FoHy00F-SCKto\" target=\"_blank\" rel=\"nofollow noopener noreferrer\">https:\/\/bit.ly\/Montse_050923<\/a><\/li>\n<\/ul>\n<div dir=\"auto\">Montse Tom\u00e9 foi xugadora hasta 2012 para m\u00e1s tarde formase como entrenadora y enfocar la so carrera nos banquinos, siendo&#8217;l d&#8217;agora&#8217;l mayor desaf\u00edu que pueda tener como t\u00e9cnica. Conoz perbi\u00e9n el vestuariu y tami\u00e9n tien una amplia conocencia de la escelente cantera nacional. Espa\u00f1a, am\u00e1s del Mundial d&#8217;Australia y Nueva Zelanda apocay\u00e1 llogr\u00e1u, ye campeona nes categor\u00edes sub-17 y sub-20.<\/div>\n<div dir=\"auto\"><\/div>\n<p><!--more--><\/p>\n<div dir=\"auto\"><\/div>\n<div dir=\"auto\" style=\"text-align: center\">\n<!-- iframe plugin v.6.0 wordpress.org\/plugins\/iframe\/ -->\n<iframe loading=\"lazy\" src=\"https:\/\/www.facebook.com\/plugins\/video.php?height=314&#038;href=https%3A%2F%2Fwww.facebook.com%2Fsefutbolfem%2Fvideos%2F791067342703072%2F&#038;show_text=false&#038;width=560&#038;t=0\" width=\"560\" height=\"314\" style=\"border:none;overflow:hidden\" scrolling=\"no\" frameborder=\"0\" allowfullscreen=\"true\" allow=\"autoplay; clipboard-write; encrypted-media; picture-in-picture; web-share\" 0=\"\/iframe\" class=\"iframe-class\"><\/iframe>\n<\/div>\n<div dir=\"auto\"><\/div>\n<div dir=\"auto\" style=\"text-align: center\">\n<!-- iframe plugin v.6.0 wordpress.org\/plugins\/iframe\/ -->\n<iframe loading=\"lazy\" src=\"https:\/\/www.facebook.com\/plugins\/post.php?href=https%3A%2F%2Fwww.facebook.com%2Fatafball%2Fposts%2Fpfbid02q8xB99Ng9i3BSBZg1JeTdVBgQZnffowfPAvpcUHZ6P5bUgQkwfAJrggrpFiF46hxl&#038;show_text=false&#038;width=500\" width=\"500\" height=\"498\" style=\"border:none;overflow:hidden\" scrolling=\"no\" frameborder=\"0\" allowfullscreen=\"true\" allow=\"autoplay; clipboard-write; encrypted-media; picture-in-picture; web-share\" 0=\"\/iframe\" class=\"iframe-class\"><\/iframe>\n<\/div>\n<p>&nbsp;<\/p>\n","protected":false},"excerpt":{"rendered":"<p>\u00a0???????? | La RFEF noma a Montse Tom\u00e9 nueva seleccionadora nacional femenina. L&#8217;asturiana va ser la primer muyer n&#8217;ostentar el cargu y va estrenase en septiembre na #NationsLeague \u00e9nte Suecia y Suiza. Fonte: https:\/\/bit.ly\/Montse_050923 Montse Tom\u00e9 foi xugadora hasta 2012 para m\u00e1s tarde formase como entrenadora y enfocar la so carrera nos banquinos, siendo&#8217;l d&#8217;agora&#8217;l [&hellip;]<\/p>\n","protected":false},"author":117,"featured_media":0,"comment_status":"open","ping_status":"open","sticky":false,"template":"","format":"standard","meta":{"footnotes":""},"categories":[133],"tags":[],"class_list":["post-21743","post","type-post","status-publish","format-standard","hentry","category-deportes"],"_links":{"self":[{"href":"https:\/\/edublog.educastur.es\/ixuxu\/wp-json\/wp\/v2\/posts\/21743","targetHints":{"allow":["GET"]}}],"collection":[{"href":"https:\/\/edublog.educastur.es\/ixuxu\/wp-json\/wp\/v2\/posts"}],"about":[{"href":"https:\/\/edublog.educastur.es\/ixuxu\/wp-json\/wp\/v2\/types\/post"}],"author":[{"embeddable":true,"href":"https:\/\/edublog.educastur.es\/ixuxu\/wp-json\/wp\/v2\/users\/117"}],"replies":[{"embeddable":true,"href":"https:\/\/edublog.educastur.es\/ixuxu\/wp-json\/wp\/v2\/comments?post=21743"}],"version-history":[{"count":4,"href":"https:\/\/edublog.educastur.es\/ixuxu\/wp-json\/wp\/v2\/posts\/21743\/revisions"}],"predecessor-version":[{"id":21747,"href":"https:\/\/edublog.educastur.es\/ixuxu\/wp-json\/wp\/v2\/posts\/21743\/revisions\/21747"}],"wp:attachment":[{"href":"https:\/\/edublog.educastur.es\/ixuxu\/wp-json\/wp\/v2\/media?parent=21743"}],"wp:term":[{"taxonomy":"category","embeddable":true,"href":"https:\/\/edublog.educastur.es\/ixuxu\/wp-json\/wp\/v2\/categories?post=21743"},{"taxonomy":"post_tag","embeddable":true,"href":"https:\/\/edublog.educastur.es\/ixuxu\/wp-json\/wp\/v2\/tags?post=21743"}],"curies":[{"name":"wp","href":"https:\/\/api.w.org\/{rel}","templated":true}]}}