{"id":21748,"date":"2023-09-04T12:00:26","date_gmt":"2023-09-04T10:00:26","guid":{"rendered":"https:\/\/edublog.educastur.es\/ixuxu\/?p=21748"},"modified":"2023-09-05T21:33:07","modified_gmt":"2023-09-05T19:33:07","slug":"san-mateo-popular-y-diversu","status":"publish","type":"post","link":"https:\/\/edublog.educastur.es\/ixuxu\/2023\/09\/san-mateo-popular-y-diversu\/","title":{"rendered":"\u00a1SAN MATEO POPULAR Y DIVERSU!"},"content":{"rendered":"<p style=\"text-align: center\">\n<!-- iframe plugin v.6.0 wordpress.org\/plugins\/iframe\/ -->\n<iframe loading=\"lazy\" src=\"https:\/\/www.facebook.com\/plugins\/post.php?href=https%3A%2F%2Fwww.facebook.com%2Ffiestespopularesuvieu%2Fposts%2Fpfbid0HYqx7eUo6UQ5QAZ6ZRoiUPqy4cE4B46aWr4C36uUPVcEYNHCPxF9dGzwQWVr1MKDl&#038;show_text=false&#038;width=500\" width=\"500\" height=\"498\" style=\"border:none;overflow:hidden\" scrolling=\"no\" frameborder=\"0\" allowfullscreen=\"true\" allow=\"autoplay; clipboard-write; encrypted-media; picture-in-picture; web-share\" 0=\"\/iframe\" class=\"iframe-class\"><\/iframe>\n<\/p>\n<p>Esti \u00faltimu a\u00f1u quer\u00edamos faer daqu\u00e9 especial, por eso present\u00e1mosvos <a href=\"https:\/\/scontent.fmad7-1.fna.fbcdn.net\/v\/t39.30808-6\/370355461_273308585468653_1156513135584417612_n.jpg?_nc_cat=105&amp;ccb=1-7&amp;_nc_sid=49d041&amp;_nc_ohc=n4dSKEfUD6gAX88lGj8&amp;_nc_ht=scontent.fmad7-1.fna&amp;oh=00_AfD7X42YpHhx9AiaQA9ZjXDnHCl-EkMZDYaxtBXOviOgug&amp;oe=64FC665D\">esta guapura de cartelu dise\u00f1\u00e1u por Iago<\/a>. Convid\u00e1mosvos de nuevu a compartir la esencia del aut\u00e9nticu San Mateo con n\u00f3s del 15 al 24 de setiembre na plaza de la catedral (y Porlier y Bomb\u00e9?) y reivindicar unes fiestes por y para el pueblu.<br \/>\nQueremos chiringos, queremos conciertos gratis, queremos que vuelva San Mateo\u270a<\/p>\n<ul>\n<li>Si quies collaborar ap\u00fantate equ\u00ed: \u00a0<a class=\"x1i10hfl xjbqb8w x6umtig x1b1mbwd xaqea5y xav7gou x9f619 x1ypdohk xt0psk2 xe8uvvx xdj266r x11i5rnm xat24cr x1mh8g0r xexx8yu x4uap5 x18d9i69 xkhd6sd x16tdsg8 x1hl2dhg xggy1nq x1a2a7pz xt0b8zv x1fey0fg\" role=\"link\" href=\"https:\/\/docs.google.com\/forms\/d\/e\/1FAIpQLSfYQavWickzzN2m5LIHjhjqYwyH_wTJqX1dpDk1aYL-eeUoBQ\/viewform?fbclid=IwAR2Lwi-eDea19LmEK9oHI7lXQw0nCupBTNwoKPSnv75tFUmkDSfsgmdi_fg\" target=\"_blank\" rel=\"nofollow noopener noreferrer\">https:\/\/docs.google.com\/&#8230;\/1FAIpQLSfYQavWickzzN&#8230;\/viewform<\/a><\/li>\n<\/ul>\n<div class=\"x11i5rnm xat24cr x1mh8g0r x1vvkbs xtlvy1s x126k92a\">\n<ul>\n<li><a class=\"x1i10hfl xjbqb8w x6umtig x1b1mbwd xaqea5y xav7gou x9f619 x1ypdohk xt0psk2 xe8uvvx xdj266r x11i5rnm xat24cr x1mh8g0r xexx8yu x4uap5 x18d9i69 xkhd6sd x16tdsg8 x1hl2dhg xggy1nq x1a2a7pz xt0b8zv x1qq9wsj xo1l8bm\" role=\"link\" href=\"https:\/\/www.facebook.com\/hashtag\/sanmateo2023?__eep__=6&amp;__cft__[0]=AZWl19SmSAvhEV43jwFtG6BEnRErxryLiXTHwPa7yRUCfwrk0GrnbUlCMp7CTjymmZpkRWedBa3YhC1duB3OD8b7U7hxvxtzmprXqQj75EPX-cQj5ER1wbPklgxGiiqlCi1iizgEzq8Q_lP98LJEGYqwZeAmjGZkC_W5orTqFqsGmU1HIIUBqMcoi1xtgLuhu641rmJk44-mTyIYSLoWixDz&amp;__tn__=*NK-y-R\">#SanMateo2023<\/a> <span class=\"x3nfvp2 x1j61x8r x1fcty0u xdj266r xhhsvwb xat24cr xgzva0m xxymvpz xlup9mm x1kky2od\"><img loading=\"lazy\" decoding=\"async\" src=\"https:\/\/static.xx.fbcdn.net\/images\/emoji.php\/v9\/td\/1.5\/16\/1f38a.png\" alt=\"?\" width=\"16\" height=\"16\" \/><\/span><\/li>\n<li><a href=\"https:\/\/scontent.fmad7-1.fna.fbcdn.net\/v\/t39.30808-6\/370355461_273308585468653_1156513135584417612_n.jpg?_nc_cat=105&amp;ccb=1-7&amp;_nc_sid=49d041&amp;_nc_ohc=n4dSKEfUD6gAX88lGj8&amp;_nc_ht=scontent.fmad7-1.fna&amp;oh=00_AfD7X42YpHhx9AiaQA9ZjXDnHCl-EkMZDYaxtBXOviOgug&amp;oe=64FC665D\">cartelu diverso<\/a> \/ <a href=\"https:\/\/www.facebook.com\/photo.php?fbid=619440923621585&amp;set=a.400770168821996&amp;type=3&amp;ref=embed_post\">cartelu oficial<\/a><\/li>\n<li><a href=\"https:\/\/www.facebook.com\/anadelpuente\"><strong>Ana del Puente<\/strong> <\/a><\/li>\n<\/ul>\n<p><!--more--><\/p>\n<p>El kiosko del Bomb\u00e9 y los fueos inspiren a l&#8217;artista<a href=\"https:\/\/www.facebook.com\/anadelpuente\"> <strong>Ana del Puente<\/strong> <\/a>para crear el cartelu de les populares fiestes uvieines, que van tener llugar del 15 al 24 de setiembre.<\/p>\n<p style=\"text-align: center\">\n<!-- iframe plugin v.6.0 wordpress.org\/plugins\/iframe\/ -->\n<iframe loading=\"lazy\" src=\"https:\/\/www.facebook.com\/plugins\/post.php?href=https%3A%2F%2Fwww.facebook.com%2Foviedoturismo%2Fposts%2Fpfbid02vePfqwyTdhAWru81PWPWfNbi3FMrvjs5vrLp9iDsmdQ9HYHTj3atdGyZqLMNpDnml&#038;show_text=false&#038;width=500\" width=\"500\" height=\"498\" style=\"border:none;overflow:hidden\" scrolling=\"no\" frameborder=\"0\" allowfullscreen=\"true\" allow=\"autoplay; clipboard-write; encrypted-media; picture-in-picture; web-share\" 0=\"\/iframe\" class=\"iframe-class\"><\/iframe>\n<\/p>\n<\/div>\n<p>&nbsp;<\/p>\n","protected":false},"excerpt":{"rendered":"<p>Esti \u00faltimu a\u00f1u quer\u00edamos faer daqu\u00e9 especial, por eso present\u00e1mosvos esta guapura de cartelu dise\u00f1\u00e1u por Iago. Convid\u00e1mosvos de nuevu a compartir la esencia del aut\u00e9nticu San Mateo con n\u00f3s del 15 al 24 de setiembre na plaza de la catedral (y Porlier y Bomb\u00e9?) y reivindicar unes fiestes por y para el pueblu. Queremos [&hellip;]<\/p>\n","protected":false},"author":117,"featured_media":0,"comment_status":"open","ping_status":"open","sticky":false,"template":"","format":"standard","meta":{"footnotes":""},"categories":[306,33],"tags":[],"class_list":["post-21748","post","type-post","status-publish","format-standard","hentry","category-san","category-uvieu"],"_links":{"self":[{"href":"https:\/\/edublog.educastur.es\/ixuxu\/wp-json\/wp\/v2\/posts\/21748","targetHints":{"allow":["GET"]}}],"collection":[{"href":"https:\/\/edublog.educastur.es\/ixuxu\/wp-json\/wp\/v2\/posts"}],"about":[{"href":"https:\/\/edublog.educastur.es\/ixuxu\/wp-json\/wp\/v2\/types\/post"}],"author":[{"embeddable":true,"href":"https:\/\/edublog.educastur.es\/ixuxu\/wp-json\/wp\/v2\/users\/117"}],"replies":[{"embeddable":true,"href":"https:\/\/edublog.educastur.es\/ixuxu\/wp-json\/wp\/v2\/comments?post=21748"}],"version-history":[{"count":4,"href":"https:\/\/edublog.educastur.es\/ixuxu\/wp-json\/wp\/v2\/posts\/21748\/revisions"}],"predecessor-version":[{"id":21752,"href":"https:\/\/edublog.educastur.es\/ixuxu\/wp-json\/wp\/v2\/posts\/21748\/revisions\/21752"}],"wp:attachment":[{"href":"https:\/\/edublog.educastur.es\/ixuxu\/wp-json\/wp\/v2\/media?parent=21748"}],"wp:term":[{"taxonomy":"category","embeddable":true,"href":"https:\/\/edublog.educastur.es\/ixuxu\/wp-json\/wp\/v2\/categories?post=21748"},{"taxonomy":"post_tag","embeddable":true,"href":"https:\/\/edublog.educastur.es\/ixuxu\/wp-json\/wp\/v2\/tags?post=21748"}],"curies":[{"name":"wp","href":"https:\/\/api.w.org\/{rel}","templated":true}]}}