{"id":21770,"date":"2023-09-05T21:00:36","date_gmt":"2023-09-05T19:00:36","guid":{"rendered":"https:\/\/edublog.educastur.es\/ixuxu\/?p=21770"},"modified":"2023-09-05T22:28:20","modified_gmt":"2023-09-05T20:28:20","slug":"21770","status":"publish","type":"post","link":"https:\/\/edublog.educastur.es\/ixuxu\/2023\/09\/21770\/","title":{"rendered":""},"content":{"rendered":"<p style=\"text-align: center\"><strong><span style=\"color: #800080\"><em><span style=\"font-size: 24px\">\u00abLa infancia ye tiempu d&#8217;inocencia.<\/span><\/em><\/span><\/strong><br \/>\n<strong><span style=\"color: #800080\"><em><span style=\"font-size: 24px\">Son pasos bien altos<\/span><\/em><\/span><\/strong><br \/>\n<strong><span style=\"color: #800080\"><em><span style=\"font-size: 24px\">y buelgues de pisaes bien peque\u00f1ines.<\/span><\/em><\/span><\/strong><br \/>\n<strong><span style=\"color: #800080\"><em><span style=\"font-size: 24px\">Ye un m\u00e1xicu llugar de sua\u00f1os&#8230;<\/span><\/em><\/span><\/strong><br \/>\n<strong><span style=\"color: #800080\"><em><span style=\"font-size: 24px\">onde tou ye posible y<\/span><\/em><\/span><\/strong><br \/>\n<strong><span style=\"color: #800080\"><em><span style=\"font-size: 24px\">lo meyor ta xustamente empezando.<\/span><\/em><\/span><\/strong><br \/>\n<strong><span style=\"color: #800080\"><em><span style=\"font-size: 24px\">La infancia ye para esquizar&#8230;<\/span><\/em><\/span><\/strong><br \/>\n<strong><span style=\"color: #800080\"><em><span style=\"font-size: 24px\">Ye para remar&#8230; y llegar&#8230;<\/span><\/em><\/span><\/strong><br \/>\n<strong><span style=\"color: #800080\"><em><span style=\"font-size: 24px\">y tocar, y ver &#8230;<\/span><\/em><\/span><\/strong><br \/>\n<strong><span style=\"color: #800080\"><em><span style=\"font-size: 24px\">y gustar&#8230; y oyer&#8230;<\/span><\/em><\/span><\/strong><br \/>\n<strong><span style=\"color: #800080\"><em><span style=\"font-size: 24px\">y aprender&#8230;<\/span><\/em><\/span><\/strong><br \/>\n<strong><span style=\"color: #800080\"><em><span style=\"font-size: 24px\">pero, sobremanera, para CRECER.\u00bb<\/span> <\/em><\/span><\/strong><br \/>\nJoan Walsh Anglund<\/p>\n","protected":false},"excerpt":{"rendered":"<p>\u00abLa infancia ye tiempu d&#8217;inocencia. Son pasos bien altos y buelgues de pisaes bien peque\u00f1ines. Ye un m\u00e1xicu llugar de sua\u00f1os&#8230; onde tou ye posible y lo meyor ta xustamente empezando. La infancia ye para esquizar&#8230; Ye para remar&#8230; y llegar&#8230; y tocar, y ver &#8230; y gustar&#8230; y oyer&#8230; y aprender&#8230; pero, sobremanera, para [&hellip;]<\/p>\n","protected":false},"author":117,"featured_media":0,"comment_status":"open","ping_status":"open","sticky":false,"template":"","format":"quote","meta":{"footnotes":""},"categories":[1],"tags":[],"class_list":["post-21770","post","type-post","status-publish","format-quote","hentry","category-sin-categoria","post_format-post-format-quote"],"_links":{"self":[{"href":"https:\/\/edublog.educastur.es\/ixuxu\/wp-json\/wp\/v2\/posts\/21770","targetHints":{"allow":["GET"]}}],"collection":[{"href":"https:\/\/edublog.educastur.es\/ixuxu\/wp-json\/wp\/v2\/posts"}],"about":[{"href":"https:\/\/edublog.educastur.es\/ixuxu\/wp-json\/wp\/v2\/types\/post"}],"author":[{"embeddable":true,"href":"https:\/\/edublog.educastur.es\/ixuxu\/wp-json\/wp\/v2\/users\/117"}],"replies":[{"embeddable":true,"href":"https:\/\/edublog.educastur.es\/ixuxu\/wp-json\/wp\/v2\/comments?post=21770"}],"version-history":[{"count":2,"href":"https:\/\/edublog.educastur.es\/ixuxu\/wp-json\/wp\/v2\/posts\/21770\/revisions"}],"predecessor-version":[{"id":21772,"href":"https:\/\/edublog.educastur.es\/ixuxu\/wp-json\/wp\/v2\/posts\/21770\/revisions\/21772"}],"wp:attachment":[{"href":"https:\/\/edublog.educastur.es\/ixuxu\/wp-json\/wp\/v2\/media?parent=21770"}],"wp:term":[{"taxonomy":"category","embeddable":true,"href":"https:\/\/edublog.educastur.es\/ixuxu\/wp-json\/wp\/v2\/categories?post=21770"},{"taxonomy":"post_tag","embeddable":true,"href":"https:\/\/edublog.educastur.es\/ixuxu\/wp-json\/wp\/v2\/tags?post=21770"}],"curies":[{"name":"wp","href":"https:\/\/api.w.org\/{rel}","templated":true}]}}