{"id":21790,"date":"2023-09-10T09:10:49","date_gmt":"2023-09-10T07:10:49","guid":{"rendered":"https:\/\/edublog.educastur.es\/ixuxu\/?p=21790"},"modified":"2023-09-10T12:00:56","modified_gmt":"2023-09-10T10:00:56","slug":"estau-del-tiempu-domingu-10-de-setiembre","status":"publish","type":"post","link":"https:\/\/edublog.educastur.es\/ixuxu\/2023\/09\/estau-del-tiempu-domingu-10-de-setiembre\/","title":{"rendered":"Est\u00e1u del tiempu: domingu 10 de setiembre"},"content":{"rendered":"<div dir=\"auto\" style=\"text-align: center\">\n<!-- iframe plugin v.6.0 wordpress.org\/plugins\/iframe\/ -->\n<iframe loading=\"lazy\" src=\"https:\/\/www.facebook.com\/plugins\/post.php?href=https%3A%2F%2Fwww.facebook.com%2Feltiempuenasturies%2Fposts%2Fpfbid02U6kTg9ZNWoT7vg7fkFMoEgETr2ziGaAwz6yKEWzswv24zbyvUrz1Ln3Ak1KNkd2Rl&#038;show_text=false&#038;width=500\" width=\"500\" height=\"303\" style=\"border:none;overflow:hidden\" scrolling=\"no\" frameborder=\"0\" allowfullscreen=\"true\" allow=\"autoplay; clipboard-write; encrypted-media; picture-in-picture; web-share\" 0=\"\/iframe\" class=\"iframe-class\"><\/iframe>\n<\/div>\n<div dir=\"auto\"><\/div>\n<div class=\"x11i5rnm xat24cr x1mh8g0r x1vvkbs xtlvy1s x126k92a\">\n<div dir=\"auto\">Bonos d\u00edes, bona xente.<\/div>\n<\/div>\n<div class=\"x11i5rnm xat24cr x1mh8g0r x1vvkbs xtlvy1s x126k92a\">\n<div dir=\"auto\"><strong>Alborecemos<\/strong> con nubes ya claros y con unes temperatures que tan alrodiu de los 17\u00baC, rexistr\u00e1ndose nel puirtu Payares 11,5\u00baC. <strong>G\u00fcei<\/strong> la inestabilid\u00e1 va afeutar sobre too a la fastera central asturiana anque la ma\u00f1ana sedr\u00e1 seliquina y afayaiza con bonos ratos de sol y temperatures qu&#8217;anque descender\u00e1n con respeutu a d\u00edes atr\u00e1s seguir\u00e1n siendo altes. Pela tarde dir\u00e1n desendolc\u00e1ndose les nubes que mos apurrir\u00e1n xarabatos de calter tormentosu am\u00e1s vendr\u00e1n acompangaos d&#8217;aparatu ell\u00e9utricu y cola posibilid\u00e1 de granizu o xarazu. L&#8217;aire sedr\u00e1 sele ya variable polo xeneral y les temperatures descender\u00e1n llixeramente.<\/div>\n<\/div>\n<ul>\n<li>Fonte: <a class=\"x1i10hfl xjbqb8w x6umtig x1b1mbwd xaqea5y xav7gou x9f619 x1ypdohk xt0psk2 xe8uvvx xdj266r x11i5rnm xat24cr x1mh8g0r xexx8yu x4uap5 x18d9i69 xkhd6sd x16tdsg8 x1hl2dhg xggy1nq x1a2a7pz xt0b8zv xzsf02u x1s688f\" role=\"link\" href=\"https:\/\/www.facebook.com\/eltiempuenasturies?__cft__[0]=AZVA1SYiY-LThpdbWxc-Fizv6_CDBu62X_VmbKJlpEJEUyFm4A_viW1lC94Ga3gGIuo4cUrlKfltLpKNAlM7Qi_m74ciNdCTO8wuPewNnH93o7NsxE9vPDsahlaZfY-QVPqt_62sbJYODPDXFYx5L299q99uEybxSChoK29P91g4Lqt3I_krQKnks9bXConEpXczhWZPwyQKJ_gGNjlZocaf&amp;__tn__=-UC*F\">El Tiempu n&#8217;Asturies.<\/a><\/li>\n<\/ul>\n<p><!--more--><\/p>\n<div class=\"x11i5rnm xat24cr x1mh8g0r x1vvkbs xtlvy1s x126k92a\">\n<div dir=\"auto\"><strong>Ma\u00f1ana llunes<\/strong> seguiremos con inestabilid\u00e1 ya podr\u00e1n dase xarabatos o bastiazos de calter tormentosu, sobre too pela cordelera con unes temperatures que van dir baxando otro poqui\u00f1in m\u00e1s, el martes les tronaes sedr\u00e1n menos estenses ya intenses y el mi\u00e9rcoles desaparecer\u00e1n ya tendremos nubes ya claros nel cielu pero esto y\u00e1 lu diremos viendo.<\/div>\n<\/div>\n<div class=\"x11i5rnm xat24cr x1mh8g0r x1vvkbs xtlvy1s x126k92a\">\n<div dir=\"auto\"><\/div>\n<\/div>\n","protected":false},"excerpt":{"rendered":"<p>Bonos d\u00edes, bona xente. Alborecemos con nubes ya claros y con unes temperatures que tan alrodiu de los 17\u00baC, rexistr\u00e1ndose nel puirtu Payares 11,5\u00baC. G\u00fcei la inestabilid\u00e1 va afeutar sobre too a la fastera central asturiana anque la ma\u00f1ana sedr\u00e1 seliquina y afayaiza con bonos ratos de sol y temperatures qu&#8217;anque descender\u00e1n con respeutu a [&hellip;]<\/p>\n","protected":false},"author":117,"featured_media":0,"comment_status":"open","ping_status":"open","sticky":false,"template":"","format":"standard","meta":{"footnotes":""},"categories":[1,5],"tags":[],"class_list":["post-21790","post","type-post","status-publish","format-standard","hentry","category-sin-categoria","category-tiempu"],"_links":{"self":[{"href":"https:\/\/edublog.educastur.es\/ixuxu\/wp-json\/wp\/v2\/posts\/21790","targetHints":{"allow":["GET"]}}],"collection":[{"href":"https:\/\/edublog.educastur.es\/ixuxu\/wp-json\/wp\/v2\/posts"}],"about":[{"href":"https:\/\/edublog.educastur.es\/ixuxu\/wp-json\/wp\/v2\/types\/post"}],"author":[{"embeddable":true,"href":"https:\/\/edublog.educastur.es\/ixuxu\/wp-json\/wp\/v2\/users\/117"}],"replies":[{"embeddable":true,"href":"https:\/\/edublog.educastur.es\/ixuxu\/wp-json\/wp\/v2\/comments?post=21790"}],"version-history":[{"count":4,"href":"https:\/\/edublog.educastur.es\/ixuxu\/wp-json\/wp\/v2\/posts\/21790\/revisions"}],"predecessor-version":[{"id":21794,"href":"https:\/\/edublog.educastur.es\/ixuxu\/wp-json\/wp\/v2\/posts\/21790\/revisions\/21794"}],"wp:attachment":[{"href":"https:\/\/edublog.educastur.es\/ixuxu\/wp-json\/wp\/v2\/media?parent=21790"}],"wp:term":[{"taxonomy":"category","embeddable":true,"href":"https:\/\/edublog.educastur.es\/ixuxu\/wp-json\/wp\/v2\/categories?post=21790"},{"taxonomy":"post_tag","embeddable":true,"href":"https:\/\/edublog.educastur.es\/ixuxu\/wp-json\/wp\/v2\/tags?post=21790"}],"curies":[{"name":"wp","href":"https:\/\/api.w.org\/{rel}","templated":true}]}}