{"id":21798,"date":"2023-09-10T12:08:22","date_gmt":"2023-09-10T10:08:22","guid":{"rendered":"https:\/\/edublog.educastur.es\/ixuxu\/?p=21798"},"modified":"2023-09-10T12:19:07","modified_gmt":"2023-09-10T10:19:07","slug":"aves-maraviyoses","status":"publish","type":"post","link":"https:\/\/edublog.educastur.es\/ixuxu\/2023\/09\/aves-maraviyoses\/","title":{"rendered":"Aves maraviyoses"},"content":{"rendered":"<p style=\"text-align: center\">\n<!-- iframe plugin v.6.0 wordpress.org\/plugins\/iframe\/ -->\n<iframe loading=\"lazy\" src=\"https:\/\/www.facebook.com\/plugins\/post.php?href=https%3A%2F%2Fwww.facebook.com%2Fderechoanimalambiental%2Fposts%2Fpfbid0heX1roR5Qe8hY1NVREURi6JVdVDnxRDihA9zBJr3hgr853TVxtRnWerVaSwzf3Z8l&#038;show_text=false&#038;width=500\" width=\"500\" height=\"498\" style=\"border:none;overflow:hidden\" scrolling=\"no\" frameborder=\"0\" allowfullscreen=\"true\" allow=\"autoplay; clipboard-write; encrypted-media; picture-in-picture; web-share\" 0=\"\/iframe\" class=\"iframe-class\"><\/iframe>\n<\/p>\n<p>Una fema d&#8217;abeyeru europ\u00e9u foi fornida apocay\u00e1 con un sistema de siguimientu satelital en Finlandia y foi de particular inter\u00e9s para los paisanos porque pas\u00f3&#8217;l branu austral m\u00e1s reci\u00e9n alredor de la ciud\u00e1 de Reitz nel Est\u00e1u Llibre de Sur\u00e1frica. Dex\u00f3 Reitz para entamar aldu al norte&#8217;l 20 d&#8217;abril y el 2 de xunu finalmente lleg\u00f3 a Finlandia, onde probablemente va pasar el branu boreal antes de tornar probablemente la pr\u00f3xima temporada pa una visita a Sur\u00e1frica.<\/p>\n<ul>\n<li>Fonte:\u00a0 <a href=\"https:\/\/www.facebook.com\/derechoanimalambiental\">Drechos animales y ambientales<\/a>\u00a0 \/ <a href=\"https:\/\/www.facebook.com\/photo\/?fbid=692317669603959&amp;set=a.461150489387346\">mapa\u00a0<\/a><\/li>\n<\/ul>\n<p><!--more--><br \/>\nEqu\u00ed ten\u00e9is una imaxe qu&#8217;amuesa los datos recib\u00edos del rastreador que tracen el cam\u00edn que tom\u00f3 pa dirixise al norte&#8230; \u00a1asina que, en nam\u00e1 42 d\u00edes, percorri\u00f3 m\u00e1s de 10.000 kil\u00f3metros con una media de m\u00e1s de 230 kil\u00f3metros acald\u00eda! \u00bfNun ye a cencielles incre\u00edble&#8230;?!\u00bb<\/p>\n<p>Lo sorprendente ye c\u00f3mo tom\u00f3 una ll\u00ednea recta escontra&#8217;l norte, sacante cuando tuvo que volar sobre l&#8217;agua. (o Sud\u00e1n). Aparentemente xir\u00f3 a la derecha na nacencia del Nilo y sigui\u00f3. Nun dexa de ser fascinante que dempu\u00e9s d&#8217;esa esviadura volvi\u00f3 a la mesma ll\u00ednea llonxitudinal qu&#8217;empecipi\u00f3 y sigui\u00f3 hasta llegar al so dest\u00edn.<strong> La madre naturaleza na so forma m\u00e1s fascinante&#8230;<\/strong><\/p>\n","protected":false},"excerpt":{"rendered":"<p>Una fema d&#8217;abeyeru europ\u00e9u foi fornida apocay\u00e1 con un sistema de siguimientu satelital en Finlandia y foi de particular inter\u00e9s para los paisanos porque pas\u00f3&#8217;l branu austral m\u00e1s reci\u00e9n alredor de la ciud\u00e1 de Reitz nel Est\u00e1u Llibre de Sur\u00e1frica. Dex\u00f3 Reitz para entamar aldu al norte&#8217;l 20 d&#8217;abril y el 2 de xunu finalmente [&hellip;]<\/p>\n","protected":false},"author":117,"featured_media":0,"comment_status":"open","ping_status":"open","sticky":false,"template":"","format":"standard","meta":{"footnotes":""},"categories":[25,315],"tags":[],"class_list":["post-21798","post","type-post","status-publish","format-standard","hentry","category-curiosidaes","category-drechos-animales-y-ambientales"],"_links":{"self":[{"href":"https:\/\/edublog.educastur.es\/ixuxu\/wp-json\/wp\/v2\/posts\/21798","targetHints":{"allow":["GET"]}}],"collection":[{"href":"https:\/\/edublog.educastur.es\/ixuxu\/wp-json\/wp\/v2\/posts"}],"about":[{"href":"https:\/\/edublog.educastur.es\/ixuxu\/wp-json\/wp\/v2\/types\/post"}],"author":[{"embeddable":true,"href":"https:\/\/edublog.educastur.es\/ixuxu\/wp-json\/wp\/v2\/users\/117"}],"replies":[{"embeddable":true,"href":"https:\/\/edublog.educastur.es\/ixuxu\/wp-json\/wp\/v2\/comments?post=21798"}],"version-history":[{"count":1,"href":"https:\/\/edublog.educastur.es\/ixuxu\/wp-json\/wp\/v2\/posts\/21798\/revisions"}],"predecessor-version":[{"id":21799,"href":"https:\/\/edublog.educastur.es\/ixuxu\/wp-json\/wp\/v2\/posts\/21798\/revisions\/21799"}],"wp:attachment":[{"href":"https:\/\/edublog.educastur.es\/ixuxu\/wp-json\/wp\/v2\/media?parent=21798"}],"wp:term":[{"taxonomy":"category","embeddable":true,"href":"https:\/\/edublog.educastur.es\/ixuxu\/wp-json\/wp\/v2\/categories?post=21798"},{"taxonomy":"post_tag","embeddable":true,"href":"https:\/\/edublog.educastur.es\/ixuxu\/wp-json\/wp\/v2\/tags?post=21798"}],"curies":[{"name":"wp","href":"https:\/\/api.w.org\/{rel}","templated":true}]}}