{"id":21841,"date":"2023-09-07T10:00:09","date_gmt":"2023-09-07T08:00:09","guid":{"rendered":"https:\/\/edublog.educastur.es\/ixuxu\/?p=21841"},"modified":"2023-09-10T13:29:13","modified_gmt":"2023-09-10T11:29:13","slug":"21841","status":"publish","type":"post","link":"https:\/\/edublog.educastur.es\/ixuxu\/2023\/09\/21841\/","title":{"rendered":"De Pravia a Uvi\u00e9u: la guerra pol tronu d&#8217;Asturies y la piedra del llaberintu"},"content":{"rendered":"<p style=\"text-align: center\"><a href=\"https:\/\/cflvdg.avoz.es\/sc\/F7IxBo1J2Ma5suKOn85uBV3DeBQ=\/768x\/2023\/09\/07\/00121694096592379898261\/Foto\/prueba4.jpg\"><img loading=\"lazy\" decoding=\"async\" class=\"aligncenter size-full\" src=\"https:\/\/cflvdg.avoz.es\/sc\/F7IxBo1J2Ma5suKOn85uBV3DeBQ=\/768x\/2023\/09\/07\/00121694096592379898261\/Foto\/prueba4.jpg\" width=\"768\" height=\"432\" \/><\/a><\/p>\n<ul>\n<li>Fonte: <a href=\"https:\/\/www.lavozdeasturias.es\/noticia\/asturias\/2023\/09\/07\/pravia-oviedo-guerra-trono-asturias-piedra-laberinto\/00031694096642199596785.htm?fbclid=IwAR0lzMGQymEDpdKHcyy1OYY7g5nKWHFw9bgEvvKSJj1d024-Nb4Mk-qoKoI\">La Voz de Asturias<\/a> \/<\/li>\n<\/ul>\n<p>Dos rames de la familia real llucharon pol poder y por dos concepciones distintes del reinu d&#8217;Asturies. Con frecuencia de forma popular numb\u00e9rense les capitales\u00bb del antiguu reinu d&#8217;Asturies como una sucesi\u00f3n de <strong>Cangues d&#8217;On\u00eds, a Pravia y finalmente a Uvi\u00e9u. <\/strong><\/p>\n<p><!--more--><\/p>\n<p>Pero esi tresll\u00e1u nun ye tan senciellu, de mano les sedes de la corte nun yeren \u00abcapitales\u00bb nel sent\u00edu que-y damos angua\u00f1o, pero am\u00e1s nel casu d&#8217;Asturies esta secuencia oculta daqu\u00e9 m\u00e1s qu&#8217;un tresll\u00e1u de poblaciones, nella ta engarzada una llarga llucha ente dos rames\/ca\u00f1es familiares por afitase nel tronu, xuna batalla que s&#8217;enllarga mientres xeneraciones y non y\u00e1 (anque foi bien importante) pol puru exerciciu del poder sin\u00f3n tami\u00e9n ente dos visiones ideol\u00f3xiques distintes del reinu, de la so relaci\u00f3n col pas\u00e1u peninsular y les sos relaciones con Europa.<\/p>\n<p>El reinu d&#8217;Asturies tien el so n\u00facleu primordial no que g\u00fcei ye l&#8217;oriente de la comunid\u00e1 y parte de la vecina de Cantabria, l&#8217;antigua civitas de Vadinia, y hai xuna alianza que se cierra con matrimonios ente dos families poderoses, la del primer rei Pelayo y la del duque Pedro de Cantabria, ye&#8217;l matrimoniu d&#8217;Ermesinda y Alfonso. Ye por eso qu&#8217;Alfonso va ser rei cuando Favila muerra a manos d&#8217;osu. Y el cuartu rei va ser el so f\u00edu, Fruela I. Pero nesi rein\u00e1u la trama compl\u00edcase: Fruela sufri m\u00e1s d&#8217;una conxura palaciega (morri\u00f3 asesin\u00e1u) y nun se sabe perbi\u00e9n qu\u00e9 pas\u00f3 de sigu\u00edo pero&#8217;l so f\u00edu (el futuru Alfonso II, que va ser bien importante nesta hestoria) nun-y asocedi\u00f3 nel tronu. F\u00edzolo Aurelio, por apenes seis a\u00f1os, y dempu\u00e9s foi coron\u00e1u Silu. Y equ\u00ed empieza la nuesa hestoria porque con \u00e9l tresll\u00e1dase la corte a Pravia.<\/p>\n<p style=\"text-align: center\"><a href=\"https:\/\/cflvdg.avoz.es\/sc\/yDrureVDBoM16pk2CA-_RTtCtcI=\/768x\/2023\/09\/07\/00121694106728579997684\/Foto\/gmoia.jpg\"><img loading=\"lazy\" decoding=\"async\" class=\"aligncenter size-full\" src=\"https:\/\/cflvdg.avoz.es\/sc\/yDrureVDBoM16pk2CA-_RTtCtcI=\/768x\/2023\/09\/07\/00121694106728579997684\/Foto\/gmoia.jpg\" width=\"768\" height=\"432\" \/><\/a><\/p>\n<p>Silu ye rei porque ta cas\u00e1u con <strong>Adosinda (hermana de Fruela I y nieta de Pelayo)<\/strong> pero y\u00e1 nun ye un se\u00f1or procedente del n\u00facleu orixinal oriental del reinu, sin\u00f3n del oeste, de los p\u00e9sicos y at\u00f3pase m\u00e1s c\u00f3modu (y probablemente m\u00e1s seguru) en Pravia, na antigua Flavionavia \u00bfye esa la nueva capital del reinu? En realid\u00e1 non \u00abpal reinu \u00e1stur el t\u00e9rminu capital&#8217; puede llevar a tracamundiu, porque remembra xuna idea de centralidad pol\u00edtica, alministrativa o econ\u00f3mica que casa mal cola realid\u00e1 d&#8217;aquella d\u00f3mina.<\/p>\n<p>A lo llargo y anchu del reinu esisten diversos centros de poder local o comarcal que tienen un pesu importante, y l&#8217;exa de la pol\u00edtica altomedieval consiste precisamente na interacci\u00f3n ente l&#8217;autorid\u00e1 rexia y esos poderes locales. Por eso los reis t\u00e1n obligaos a movese dacuando, acompa\u00f1aos d&#8217;un s\u00e9quitu de fieles, por toa xuna rede de palacios, castiellos, monesterios y ciudaes que, por dicir, dibuxa l&#8217;algame del poder rexio sobro&#8217;l mapa\u00bb; esplica&#8217;l profesor Ra\u00fal Gonz\u00e1lez, de la Universid\u00e1 de Lli\u00f3n. \u00abM\u00e1s que xuna &#8216;capital&#8217; en sent\u00edu modernu, ye un espaciu simb\u00f3licu y ceremonial, verdaderu coraz\u00f3n ritual de la comunid\u00e1 pol\u00edtica \u00e1stur. L&#8217;espect\u00e1culu del poder desenvuelvese nella como en nenguna otra parte, pos ell\u00ed as\u00edtiase con especial intensid\u00e1 la memoria de la familia real y ell\u00ed cel\u00e9brense les principales asamblees aristocr\u00e1tiques qu&#8217;articulen la vida pol\u00edtica, xudicial y relixosa del reinu\u00bb.<\/p>\n<p><strong>Del rein\u00e1u de Silu c\u00f3nstanos una obra fascinantes, la piedra llaber\u00edntica topada en Santianes, del que nam\u00e1 nos queda un estace pero que yera una llosa, con una S nel centru y un testu que puede lleese en toes direcciones diciendo \u00abSilu princeps fecit\u00bb<\/strong> (F\u00edxola&#8217;l pr\u00edncipe Silu).<\/p>\n<p>&nbsp;<\/p>\n<p style=\"text-align: center\"><a href=\"https:\/\/cflvdg.avoz.es\/sc\/ArQlh0WnixNwyKZGSoF6y6cDduM=\/768x\/2023\/09\/07\/00121694104644531239958\/Foto\/pedr.jpg\"><img loading=\"lazy\" decoding=\"async\" class=\"aligncenter size-full\" src=\"https:\/\/cflvdg.avoz.es\/sc\/ArQlh0WnixNwyKZGSoF6y6cDduM=\/768x\/2023\/09\/07\/00121694104644531239958\/Foto\/pedr.jpg\" width=\"768\" height=\"432\" \/><\/a><\/p>\n","protected":false},"excerpt":{"rendered":"<p>Fonte: La Voz de Asturias \/ Dos rames de la familia real llucharon pol poder y por dos concepciones distintes del reinu d&#8217;Asturies. Con frecuencia de forma popular numb\u00e9rense les capitales\u00bb del antiguu reinu d&#8217;Asturies como una sucesi\u00f3n de Cangues d&#8217;On\u00eds, a Pravia y finalmente a Uvi\u00e9u.<\/p>\n","protected":false},"author":117,"featured_media":0,"comment_status":"open","ping_status":"open","sticky":false,"template":"","format":"standard","meta":{"footnotes":""},"categories":[297],"tags":[],"class_list":["post-21841","post","type-post","status-publish","format-standard","hentry","category-hestoria"],"_links":{"self":[{"href":"https:\/\/edublog.educastur.es\/ixuxu\/wp-json\/wp\/v2\/posts\/21841","targetHints":{"allow":["GET"]}}],"collection":[{"href":"https:\/\/edublog.educastur.es\/ixuxu\/wp-json\/wp\/v2\/posts"}],"about":[{"href":"https:\/\/edublog.educastur.es\/ixuxu\/wp-json\/wp\/v2\/types\/post"}],"author":[{"embeddable":true,"href":"https:\/\/edublog.educastur.es\/ixuxu\/wp-json\/wp\/v2\/users\/117"}],"replies":[{"embeddable":true,"href":"https:\/\/edublog.educastur.es\/ixuxu\/wp-json\/wp\/v2\/comments?post=21841"}],"version-history":[{"count":4,"href":"https:\/\/edublog.educastur.es\/ixuxu\/wp-json\/wp\/v2\/posts\/21841\/revisions"}],"predecessor-version":[{"id":21845,"href":"https:\/\/edublog.educastur.es\/ixuxu\/wp-json\/wp\/v2\/posts\/21841\/revisions\/21845"}],"wp:attachment":[{"href":"https:\/\/edublog.educastur.es\/ixuxu\/wp-json\/wp\/v2\/media?parent=21841"}],"wp:term":[{"taxonomy":"category","embeddable":true,"href":"https:\/\/edublog.educastur.es\/ixuxu\/wp-json\/wp\/v2\/categories?post=21841"},{"taxonomy":"post_tag","embeddable":true,"href":"https:\/\/edublog.educastur.es\/ixuxu\/wp-json\/wp\/v2\/tags?post=21841"}],"curies":[{"name":"wp","href":"https:\/\/api.w.org\/{rel}","templated":true}]}}