{"id":21851,"date":"2023-09-10T13:36:41","date_gmt":"2023-09-10T11:36:41","guid":{"rendered":"https:\/\/edublog.educastur.es\/ixuxu\/?p=21851"},"modified":"2023-09-10T13:44:27","modified_gmt":"2023-09-10T11:44:27","slug":"golfu-de-cadiz","status":"publish","type":"post","link":"https:\/\/edublog.educastur.es\/ixuxu\/2023\/09\/golfu-de-cadiz\/","title":{"rendered":"Espa\u00f1a: Golfu de C\u00e1diz"},"content":{"rendered":"<p>L&#8217;astronauta dan\u00e9s Andreas Mogensen comparti\u00f3 esta imaxe del <strong>Golfu de C\u00e1diz<\/strong> dende l&#8217;espaciu.<\/p>\n<p style=\"text-align: center\">\n<!-- iframe plugin v.6.0 wordpress.org\/plugins\/iframe\/ -->\n<iframe loading=\"lazy\" src=\"https:\/\/www.facebook.com\/plugins\/post.php?href=https%3A%2F%2Fwww.facebook.com%2FPescaHuelva%2Fposts%2Fpfbid027TNSc6eMsRx6WSpJvvtXF3mgoSoCbPUAgxNfxoZ1gDVdwMYMmFXi3E89rDYFM4LXl&#038;show_text=false&#038;width=500\" width=\"500\" height=\"497\" style=\"border:none;overflow:hidden\" scrolling=\"no\" frameborder=\"0\" allowfullscreen=\"true\" allow=\"autoplay; clipboard-write; encrypted-media; picture-in-picture; web-share\" 0=\"\/iframe\" class=\"iframe-class\"><\/iframe>\n<\/p>\n<ul>\n<li>Golfu de C\u00e1diz: wiki \/ mapa \/<\/li>\n<\/ul>\n<p><!--more--><\/p>\n<p><strong>El Golfu de C\u00e1diz ta asiti\u00e1u nel nord\u00e9s del Oc\u00e9anu Atl\u00e1nticu.<\/strong> Ta arrodi\u00e1u pelos marxes sur ib\u00e9ricu y norte de Marruecos, al oeste del Estrechu de Xibraltar.<\/p>\n<p style=\"text-align: center\"><a href=\"https:\/\/upload.wikimedia.org\/wikipedia\/commons\/4\/49\/Golfo_de_C%C3%A1diz.jpg\"><img loading=\"lazy\" decoding=\"async\" class=\"aligncenter size-full\" src=\"https:\/\/upload.wikimedia.org\/wikipedia\/commons\/4\/49\/Golfo_de_C%C3%A1diz.jpg\" width=\"745\" height=\"480\" \/><\/a><\/p>\n<p style=\"text-align: center\"><a href=\"https:\/\/cadenaser00.epimg.net\/emisora\/imagenes\/2016\/03\/02\/radio_cadiz\/1456944617_751900_1456944991_noticia_normal.jpg\"><img loading=\"lazy\" decoding=\"async\" class=\"aligncenter size-full\" src=\"https:\/\/cadenaser00.epimg.net\/emisora\/imagenes\/2016\/03\/02\/radio_cadiz\/1456944617_751900_1456944991_noticia_normal.jpg\" width=\"770\" height=\"553\" \/><\/a><\/p>\n<p style=\"text-align: center\"><a href=\"https:\/\/www.taranna.com\/docs\/viaje-a-andalucia-grupo-verano-taranna-005-2-1110x740.jpg\"><img loading=\"lazy\" decoding=\"async\" class=\"aligncenter size-full\" src=\"https:\/\/www.taranna.com\/docs\/viaje-a-andalucia-grupo-verano-taranna-005-2-1110x740.jpg\" width=\"1110\" height=\"740\" \/><\/a><\/p>\n<p style=\"text-align: center\"><a href=\"https:\/\/www.lavanguardia.com\/files\/article_main_microformat\/uploads\/2019\/08\/21\/5fa530eb9eb72.jpeg\"><img loading=\"lazy\" decoding=\"async\" class=\"aligncenter size-full\" src=\"https:\/\/www.lavanguardia.com\/files\/article_main_microformat\/uploads\/2019\/08\/21\/5fa530eb9eb72.jpeg\" width=\"976\" height=\"477\" \/><\/a><\/p>\n","protected":false},"excerpt":{"rendered":"<p>L&#8217;astronauta dan\u00e9s Andreas Mogensen comparti\u00f3 esta imaxe del Golfu de C\u00e1diz dende l&#8217;espaciu. Golfu de C\u00e1diz: wiki \/ mapa \/<\/p>\n","protected":false},"author":117,"featured_media":0,"comment_status":"open","ping_status":"open","sticky":false,"template":"","format":"standard","meta":{"footnotes":""},"categories":[25,17],"tags":[],"class_list":["post-21851","post","type-post","status-publish","format-standard","hentry","category-curiosidaes","category-semeyes"],"_links":{"self":[{"href":"https:\/\/edublog.educastur.es\/ixuxu\/wp-json\/wp\/v2\/posts\/21851","targetHints":{"allow":["GET"]}}],"collection":[{"href":"https:\/\/edublog.educastur.es\/ixuxu\/wp-json\/wp\/v2\/posts"}],"about":[{"href":"https:\/\/edublog.educastur.es\/ixuxu\/wp-json\/wp\/v2\/types\/post"}],"author":[{"embeddable":true,"href":"https:\/\/edublog.educastur.es\/ixuxu\/wp-json\/wp\/v2\/users\/117"}],"replies":[{"embeddable":true,"href":"https:\/\/edublog.educastur.es\/ixuxu\/wp-json\/wp\/v2\/comments?post=21851"}],"version-history":[{"count":7,"href":"https:\/\/edublog.educastur.es\/ixuxu\/wp-json\/wp\/v2\/posts\/21851\/revisions"}],"predecessor-version":[{"id":21858,"href":"https:\/\/edublog.educastur.es\/ixuxu\/wp-json\/wp\/v2\/posts\/21851\/revisions\/21858"}],"wp:attachment":[{"href":"https:\/\/edublog.educastur.es\/ixuxu\/wp-json\/wp\/v2\/media?parent=21851"}],"wp:term":[{"taxonomy":"category","embeddable":true,"href":"https:\/\/edublog.educastur.es\/ixuxu\/wp-json\/wp\/v2\/categories?post=21851"},{"taxonomy":"post_tag","embeddable":true,"href":"https:\/\/edublog.educastur.es\/ixuxu\/wp-json\/wp\/v2\/tags?post=21851"}],"curies":[{"name":"wp","href":"https:\/\/api.w.org\/{rel}","templated":true}]}}