{"id":21859,"date":"2023-09-10T13:51:35","date_gmt":"2023-09-10T11:51:35","guid":{"rendered":"https:\/\/edublog.educastur.es\/ixuxu\/?p=21859"},"modified":"2023-09-10T13:51:35","modified_gmt":"2023-09-10T11:51:35","slug":"llibru-lhorru-de-vapor","status":"publish","type":"post","link":"https:\/\/edublog.educastur.es\/ixuxu\/2023\/09\/llibru-lhorru-de-vapor\/","title":{"rendered":"Llibru: \u00abL&#8217;Horru de vapor\u00bb"},"content":{"rendered":"<p style=\"text-align: center\">\n<p style=\"text-align: center\"><a href=\"https:\/\/edicionesradagast.com\/wp-content\/uploads\/2023\/04\/LHorru.png\"><img loading=\"lazy\" decoding=\"async\" class=\"aligncenter \" src=\"https:\/\/edicionesradagast.com\/wp-content\/uploads\/2023\/04\/LHorru.png\" width=\"646\" height=\"700\" \/><\/a><\/p>\n<ul>\n<li>Fonte: <a href=\"http:\/\/www.trabayudecampu.com\/xeneral\/lhorru-de-vapor-xuliu-verne-a-lasturiana\/?fbclid=IwAR2-2hCDYfHvrK1yJJKSM4IJNDhHiHpKEUyzoybdciD3esVl8gYK0BQ4u2k\">Blogue <strong>\u00abL&#8217;horru de vapor\u00bb<\/strong>. V. G\u00aa Oliva<\/a><\/li>\n<li><a href=\"https:\/\/edicionesradagast.com\/producto\/lhorru-de-vapor\/\">Ficha llibru<\/a> \/ Autores varios \/ 18 \u20ac<\/li>\n<\/ul>\n<p>Engranes, vapor, cables, pistones, tuerques, f\u00e1briques, mines, ferrocarriles\u2026 L\u2019Asturies decimon\u00f3nica y industrial tuvo d\u2019esto a esgaya. Sicas\u00ed, nun surdi\u00f3 equ\u00ed una tradici\u00f3n propia de facer ciencia ficci\u00f3n.\u00a0<strong>Xulio Verne fue\u2019l padre de munches coses (am\u00e1s d\u2019un f\u00edu y dos fiastres) con unes obres que tuvieren miles de llectores, all\u00e1 pelos confines del sieglu XIX.<\/strong><\/p>\n<p><!--more--><\/p>\n<p>Anque les que se conocen nun pasen d\u2019una quincena, la verd\u00e1 ye que don Jules Gabriel Verne escribi\u00f3 cuasi cien noveles, media docena d\u2019obres teatrales, rellatos, biograf\u00edes y una Xeograf\u00eda de Francia de gran valir. Ente les noveles hailes d\u2019estremaos x\u00e9neros destacando les que cinquen a l\u2019aventura, nel sen m\u00e1s puru, a la ciencia-ficci\u00f3n, a l\u2019anticipaci\u00f3n o a la distop\u00eda, si ye que podemos considerar a too esto como x\u00e9neros diferenciaos. <strong>En gran parte d\u2019elles apaecen elementos que dan marcu a la narraci\u00f3n, como les m\u00e1quines de vapor que taben principiando a tener la importancia que llueu tuvieron: engranes, vapor, cables, pistones, tuerques, f\u00e1briques, mines, ferrocarriles\u2026<\/strong><\/p>\n<p>Tou esti mundu llev\u00f3 a un pi\u00f1u de x\u00f3venes escritores, que se mueven al rodiu de la editorial \u00abRadagast\u00bb, a entrugase que, \u00bfc\u00f3mo ye que n\u2019Asturies, que comparte gran parte d\u2019esi mundu \u00abvernianu\u00bb, nun surdi\u00f3 una tradici\u00f3n propia de facer ciencia ficci\u00f3n \u00abvictoriana\u00bb? Equ\u00ed -siguen diciendo- nun pa\u00eds que tien pontes dise\u00f1aos por Eiffel, que tuvo miles de mineros, una montonera de f\u00e1briques y m\u00e1s ferrocarril por kil\u00f3metru cuadr\u00e1u que la gran mayor\u00eda de paises europeos. Y ye cierto. Asina que, dicho y fecho, estos escritores (homes y muyeres) punxeron manes a la obra d\u2019enmendar esi erru hist\u00f3ricu, llanz\u00e1ndose a tapar eses carencies lliteraries, cola publicaci\u00f3n d\u2019una antolox\u00eda de 12 cuentos que treslladen el mundu \u00abvernianu\u00bb a les nuestres fronteres.<\/p>\n<p>Dientro d\u2019esos 12 autores hailos m\u00e1s o menos veteranos, ya inclusive dalgunos que debuten como talos pues nun ten\u00eden obra escrita anterior. Asina, el result\u00e1u, como nun pod\u00eda ser d\u2019otru mou, ye irregular anque en toos ellos cimbla esi esp\u00edritu innovador y aventureru que defini\u00f3 al gran autor franc\u00e9s, amest\u00e1u por un simp\u00e1ticu sent\u00edu del humor qu\u2019acompanga a delles de les histories (como exemplu, el mesmu t\u00edtulu del llibru,\u00a0 \u00abL\u2019horru de vapor\u00bb).<\/p>\n<p>Los entamadores de la iniciativa tuvieron el detalle de faceme part\u00edcipe d\u2019esta aventura \u00abficcional\u00bb asturiana, pidi\u00e9ndome una collaboraci\u00f3n en forma de cuentu que\u00a0 ye\u2019l qu\u2019anicia l\u2019antolox\u00eda: \u00abUn pasu m\u00e1s\u00bb, ye\u2019l t\u00edtulu del mio cuentu, y quici\u00e1s ye un poco premonitoriu de les intenciones que tienen estes persones de dir avanzando nunos temes que, hasta va pocu tiempu, nun ten\u00eden un gran apreciu por parte de los \u00abescritores serios\u00bb y de la cr\u00edtica. En fin, como siempres digo, ellos se lo pierden. Y pa que conste, eh\u00ed va la llista de los autores de l\u2019antolox\u00eda a la que tengo l\u2019honor de preceder. Por orde alfab\u00e9ticu: Abel Mart\u00ednez, Adri\u00e1n Carbayales, Alma Hidalgo, Ana Pereira, Andr\u00e9s Fern\u00e1ndez, An\u00edbal Gonz\u00e1lez, H\u00e9ctor P\u00e9rez Iglesias, Kai C. Torel, Nicol\u00e1s Bardio, Vicente Garc\u00eda Oliva, Xon de la Campa y Xurxo Diz Pico. Norabona a toos ellos y llarga vida a la editorial.<\/p>\n<p>. Anque les que se conocen nun pasen d\u2019una quincena, la verd\u00e1 ye que don Jules Gabriel Verne escribi\u00f3 cuasi cien noveles, media docena d\u2019obres teatrales, rellatos, biograf\u00edes y una Xeograf\u00eda de Francia de gran valir. Ente les noveles hailes d\u2019estremaos x\u00e9neros destacando les que cinquen a l\u2019aventura, nel sen m\u00e1s puru, a la ciencia-ficci\u00f3n, a l\u2019anticipaci\u00f3n o a la distop\u00eda, si ye que podemos considerar a too esto como x\u00e9neros diferenciaos. En gran parte d\u2019elles apaecen elementos que dan marcu a la narraci\u00f3n, como les m\u00e1quines de vapor que taben principiando a tener la importancia que llueu tuvieron: engranes, vapor, cables, pistones, tuerques, f\u00e1briques, mines, ferrocarriles\u2026<\/p>\n<p><!--more--><\/p>\n<p>Tou esti mundu llev\u00f3 a un pi\u00f1u de x\u00f3venes escritores, que se mueven al rodiu de la editorial \u00abRadagast\u00bb, a entrugase que, \u00bfc\u00f3mo ye que n\u2019Asturies, que comparte gran parte d\u2019esi mundu \u00abvernianu\u00bb, nun surdi\u00f3 una tradici\u00f3n propia de facer ciencia ficci\u00f3n \u00abvictoriana\u00bb? Equ\u00ed -siguen diciendo- nun pa\u00eds que tien pontes dise\u00f1aos por Eiffel, que tuvo miles de mineros, una montonera de f\u00e1briques y m\u00e1s ferrocarril por kil\u00f3metru cuadr\u00e1u que la gran mayor\u00eda de paises europeos. Y ye cierto. Asina que, dicho y fecho, estos escritores (homes y muyeres) punxeron manes a la obra d\u2019enmendar esi erru hist\u00f3ricu, llanz\u00e1ndose a tapar eses carencies lliteraries, cola publicaci\u00f3n d\u2019una antolox\u00eda de 12 cuentos que treslladen el mundu \u00abvernianu\u00bb a les nuestres fronteres.<\/p>\n<p>Dientro d\u2019esos 12 autores hailos m\u00e1s o menos veteranos, ya inclusive dalgunos que debuten como talos pues nun ten\u00eden obra escrita anterior. Asina, el result\u00e1u, como nun pod\u00eda ser d\u2019otru mou, ye irregular anque en toos ellos cimbla esi <strong>esp\u00edritu innovador y aventureru que defini\u00f3 al gran autor franc\u00e9s, amest\u00e1u por un simp\u00e1ticu sent\u00edu del humor qu\u2019acompanga a delles de les histories (como exemplu, el mesmu t\u00edtulu del llibru,\u00a0 \u00abL\u2019horru de vapor\u00bb).<\/strong><\/p>\n<p>Los entamadores de la iniciativa tuvieron el detalle de faceme part\u00edcipe d\u2019esta aventura \u00abficcional\u00bb asturiana, pidi\u00e9ndome una collaboraci\u00f3n en forma de cuentu que\u00a0 ye\u2019l qu\u2019anicia l\u2019antolox\u00eda: \u00abUn pasu m\u00e1s\u00bb, ye\u2019l t\u00edtulu del mio cuentu, y quici\u00e1s ye un poco premonitoriu de les intenciones que tienen estes persones de dir avanzando nunos temes que, hasta va pocu tiempu, nun ten\u00eden un gran apreciu por parte de los \u00abescritores serios\u00bb y de la cr\u00edtica. En fin, como siempres digo, ellos se lo pierden. Y pa que conste, eh\u00ed va la llista de los autores de l\u2019antolox\u00eda a la que tengo l\u2019honor de preceder. Por orde alfab\u00e9ticu: Abel Mart\u00ednez, Adri\u00e1n Carbayales, Alma Hidalgo, Ana Pereira, Andr\u00e9s Fern\u00e1ndez, An\u00edbal Gonz\u00e1lez, H\u00e9ctor P\u00e9rez Iglesias, Kai C. Torel, Nicol\u00e1s Bardio, Vicente Garc\u00eda Oliva, Xon de la Campa y Xurxo Diz Pico. Norabona a toos ellos y llarga vida a la editorial.<\/p>\n","protected":false},"excerpt":{"rendered":"<p>Fonte: Blogue \u00abL&#8217;horru de vapor\u00bb. V. G\u00aa Oliva Ficha llibru \/ Autores varios \/ 18 \u20ac Engranes, vapor, cables, pistones, tuerques, f\u00e1briques, mines, ferrocarriles\u2026 L\u2019Asturies decimon\u00f3nica y industrial tuvo d\u2019esto a esgaya. Sicas\u00ed, nun surdi\u00f3 equ\u00ed una tradici\u00f3n propia de facer ciencia ficci\u00f3n.\u00a0Xulio Verne fue\u2019l padre de munches coses (am\u00e1s d\u2019un f\u00edu y dos fiastres) [&hellip;]<\/p>\n","protected":false},"author":117,"featured_media":0,"comment_status":"open","ping_status":"open","sticky":false,"template":"","format":"standard","meta":{"footnotes":""},"categories":[10],"tags":[],"class_list":["post-21859","post","type-post","status-publish","format-standard","hentry","category-llibros-reciella"],"_links":{"self":[{"href":"https:\/\/edublog.educastur.es\/ixuxu\/wp-json\/wp\/v2\/posts\/21859","targetHints":{"allow":["GET"]}}],"collection":[{"href":"https:\/\/edublog.educastur.es\/ixuxu\/wp-json\/wp\/v2\/posts"}],"about":[{"href":"https:\/\/edublog.educastur.es\/ixuxu\/wp-json\/wp\/v2\/types\/post"}],"author":[{"embeddable":true,"href":"https:\/\/edublog.educastur.es\/ixuxu\/wp-json\/wp\/v2\/users\/117"}],"replies":[{"embeddable":true,"href":"https:\/\/edublog.educastur.es\/ixuxu\/wp-json\/wp\/v2\/comments?post=21859"}],"version-history":[{"count":1,"href":"https:\/\/edublog.educastur.es\/ixuxu\/wp-json\/wp\/v2\/posts\/21859\/revisions"}],"predecessor-version":[{"id":21860,"href":"https:\/\/edublog.educastur.es\/ixuxu\/wp-json\/wp\/v2\/posts\/21859\/revisions\/21860"}],"wp:attachment":[{"href":"https:\/\/edublog.educastur.es\/ixuxu\/wp-json\/wp\/v2\/media?parent=21859"}],"wp:term":[{"taxonomy":"category","embeddable":true,"href":"https:\/\/edublog.educastur.es\/ixuxu\/wp-json\/wp\/v2\/categories?post=21859"},{"taxonomy":"post_tag","embeddable":true,"href":"https:\/\/edublog.educastur.es\/ixuxu\/wp-json\/wp\/v2\/tags?post=21859"}],"curies":[{"name":"wp","href":"https:\/\/api.w.org\/{rel}","templated":true}]}}