{"id":21901,"date":"2023-09-01T09:10:23","date_gmt":"2023-09-01T07:10:23","guid":{"rendered":"https:\/\/edublog.educastur.es\/ixuxu\/?p=21901"},"modified":"2023-09-13T18:51:35","modified_gmt":"2023-09-13T16:51:35","slug":"calendariu-escolar","status":"publish","type":"post","link":"https:\/\/edublog.educastur.es\/ixuxu\/2023\/09\/calendariu-escolar\/","title":{"rendered":"Calendariu escolar"},"content":{"rendered":"<p style=\"text-align: center\"><a href=\"https:\/\/edublog.educastur.es\/corredoria3\/files\/2023\/06\/2324.jpg\"><img loading=\"lazy\" decoding=\"async\" class=\"aligncenter size-full\" src=\"https:\/\/edublog.educastur.es\/corredoria3\/files\/2023\/06\/2324.jpg\" width=\"1196\" height=\"937\" \/><\/a><\/p>\n<ul>\n<li><a class=\"pdf\" title=\"2023_04_27 NP Calendario escolar 2023-2024.pdf. Abre una nueva ventana\" href=\"https:\/\/actualidad.asturias.es\/documents\/533407\/0\/2023_04_27+NP+Calendario+escolar+2023-2024.pdf\/7ef29e1a-f6e7-eb1e-ff9a-89fbc6e7fcab?t=1682591024993\" target=\"_blank\" rel=\"noopener\">2023_04_27 NP Calendario escolar 2023-2024.pdf<\/a><\/li>\n<li><a class=\"pdf\" title=\"2023_04_27 CALENDARIO ESCOLAR 2023-2024.pdf. Abre una nueva ventana\" href=\"https:\/\/actualidad.asturias.es\/documents\/533407\/0\/2023_04_27+CALENDARIO+ESCOLAR+2023-2024.pdf\/291d5001-7b25-5025-a3e4-c74476e2eda8?t=1682591035043\" target=\"_blank\" rel=\"noopener\">2023_04_27 CALENDARIO ESCOLAR 2023-2024.pdf<\/a><\/li>\n<\/ul>\n<p>La Conseyer\u00eda d\u2019Educaci\u00f3n aprob\u00f3 g\u00fcei el calendariu escolar para\u2019l pr\u00f3ximu cursu 2023-2024. La principal noved\u00e1 ye que se contemplen periodos de respiru en tolos trimestres: dos nel primeru, que ye\u2019l m\u00e1s llargu, y una parada nos otros dos. El nuevu cursu va empezar el 11 de setiembre y va rematar el 21 de xunu de 2024.<\/p>\n<p><!--more--><\/p>\n<ul>\n<li>Fonte:\u00a0<a href=\"https:\/\/www.educastur.es\/-\/calendario-escolar-2023-2024?inheritRedirect=true&amp;redirect=https%3A%2F%2Fwww.educastur.es%2Fbusqueda%3Fp_p_id%3Dcom_liferay_portal_search_web_portlet_SearchPortlet%26p_p_lifecycle%3D0%26p_p_state%3Dmaximized%26p_p_mode%3Dview%26_com_liferay_portal_search_web_portlet_SearchPortlet_redirect%3D%252Fbusqueda%26_com_liferay_portal_search_web_portlet_SearchPortlet_mvcPath%3D%252Fsearch.jsp%26_com_liferay_portal_search_web_portlet_SearchPortlet_keywords%3Dcalendario\">Educastur<\/a>\u00a0\/<\/li>\n<li><a href=\"https:\/\/sede.asturias.es\/bopa\/2023\/05\/10\/2023-03661.pdf\" target=\"_blank\" rel=\"noopener\">Calendario escolar 2023-2024. Resoluci\u00f3n<\/a>. BOPA 10-05-2023 (pdf)<\/li>\n<li><a href=\"https:\/\/www.educastur.es\/documents\/34868\/39577\/2023-05-calendario-23-24-vertical.pdf\/70efa031-4f03-c9c2-d9de-698a8423a68f?t=1683812872328\" target=\"_blank\" rel=\"noopener\">Calendario 2023-2024. Formato vertical<\/a>\u00a0(pdf)<\/li>\n<li><a href=\"https:\/\/www.educastur.es\/documents\/34868\/39577\/2023-05-calendario-23-24-cuadernillo.pdf\/5718a05f-c897-1b9d-32ce-18e575be6b84?t=1683812872098\" target=\"_blank\" rel=\"noopener\">Calendario 2023-2024. Cuadernillo<\/a>\u00a0(pdf)<\/li>\n<li><a href=\"https:\/\/www.educastur.es\/documents\/34868\/39577\/2023-05-calendario-23-24-apaisado.pdf\/7b6d1233-97ac-0344-8ab4-19f8b7bc17de?t=1683812871571\" target=\"_blank\" rel=\"noopener\">Calendario 2023-2024. Formato apaisado<\/a>\u00a0(pdf)<\/li>\n<\/ul>\n<p>Establez un total de 177 d\u00edes lectivos \u2013distribuy\u00edos en 68, 53 y 56 por trimestre-, a los qu\u2019hai que descontar les dos xornaes ensin activid\u00e1 escolar qu\u2019establez cada conceyu coincidiendo coles sos festividaes locales.<\/p>\n<p>Les vacaciones de Navid\u00e1 suman 16 d\u00edes (del 23 d\u2019avientu al 7 de xineru) y les de Selmana Santa, 10 (del 23 de marzu al 1 d\u2019abril).<\/p>\n","protected":false},"excerpt":{"rendered":"<p>2023_04_27 NP Calendario escolar 2023-2024.pdf 2023_04_27 CALENDARIO ESCOLAR 2023-2024.pdf La Conseyer\u00eda d\u2019Educaci\u00f3n aprob\u00f3 g\u00fcei el calendariu escolar para\u2019l pr\u00f3ximu cursu 2023-2024. La principal noved\u00e1 ye que se contemplen periodos de respiru en tolos trimestres: dos nel primeru, que ye\u2019l m\u00e1s llargu, y una parada nos otros dos. El nuevu cursu va empezar el 11 de [&hellip;]<\/p>\n","protected":false},"author":117,"featured_media":0,"comment_status":"open","ping_status":"open","sticky":false,"template":"","format":"standard","meta":{"footnotes":""},"categories":[73],"tags":[],"class_list":["post-21901","post","type-post","status-publish","format-standard","hentry","category-calendariu"],"_links":{"self":[{"href":"https:\/\/edublog.educastur.es\/ixuxu\/wp-json\/wp\/v2\/posts\/21901","targetHints":{"allow":["GET"]}}],"collection":[{"href":"https:\/\/edublog.educastur.es\/ixuxu\/wp-json\/wp\/v2\/posts"}],"about":[{"href":"https:\/\/edublog.educastur.es\/ixuxu\/wp-json\/wp\/v2\/types\/post"}],"author":[{"embeddable":true,"href":"https:\/\/edublog.educastur.es\/ixuxu\/wp-json\/wp\/v2\/users\/117"}],"replies":[{"embeddable":true,"href":"https:\/\/edublog.educastur.es\/ixuxu\/wp-json\/wp\/v2\/comments?post=21901"}],"version-history":[{"count":1,"href":"https:\/\/edublog.educastur.es\/ixuxu\/wp-json\/wp\/v2\/posts\/21901\/revisions"}],"predecessor-version":[{"id":21902,"href":"https:\/\/edublog.educastur.es\/ixuxu\/wp-json\/wp\/v2\/posts\/21901\/revisions\/21902"}],"wp:attachment":[{"href":"https:\/\/edublog.educastur.es\/ixuxu\/wp-json\/wp\/v2\/media?parent=21901"}],"wp:term":[{"taxonomy":"category","embeddable":true,"href":"https:\/\/edublog.educastur.es\/ixuxu\/wp-json\/wp\/v2\/categories?post=21901"},{"taxonomy":"post_tag","embeddable":true,"href":"https:\/\/edublog.educastur.es\/ixuxu\/wp-json\/wp\/v2\/tags?post=21901"}],"curies":[{"name":"wp","href":"https:\/\/api.w.org\/{rel}","templated":true}]}}