{"id":22007,"date":"2023-09-23T22:06:24","date_gmt":"2023-09-23T20:06:24","guid":{"rendered":"https:\/\/edublog.educastur.es\/ixuxu\/?p=22007"},"modified":"2023-09-23T22:08:03","modified_gmt":"2023-09-23T20:08:03","slug":"dia-mundial-de-lagricultura-ecoloxica","status":"publish","type":"post","link":"https:\/\/edublog.educastur.es\/ixuxu\/2023\/09\/dia-mundial-de-lagricultura-ecoloxica\/","title":{"rendered":"D\u00eda Mundial de l&#8217;Agricultura Ecol\u00f3xica"},"content":{"rendered":"<p>G\u00fcei, celebramos el <strong>D\u00eda Mundial de l&#8217;Agricultura Ecol\u00f3xica<\/strong> ?? En #AlimentosDelPara\u00edso, valoramos y sofitamos l&#8217;agricultura ecol\u00f3xica, que promueve pr\u00e1ctiques sostenibles y respetuoses col mediu ambiente ?????Como fai<a href=\"https:\/\/www.copaeastur.org\/es\/\"><strong><span style=\"color: #008080\"> COPAE Asturies<\/span><\/strong><\/a> , una entid\u00e1 de xesti\u00f3n competente en materia agrario, pa conferi-y la funci\u00f3n de realizar el control oficial de la producci\u00f3n ecol\u00f3xica \u2705<\/p>\n<p style=\"text-align: center\">\n<!-- iframe plugin v.6.0 wordpress.org\/plugins\/iframe\/ -->\n<iframe loading=\"lazy\" src=\"https:\/\/www.facebook.com\/plugins\/post.php?href=https%3A%2F%2Fwww.facebook.com%2Falimentosdelparaisonatural%2Fposts%2Fpfbid0SzyoRa4j6PffRAtgKJtvtfBXfDHwnraBmH2Nx6Gc2bTnyUmR2P4fdsYrd6ah5oAil&#038;show_text=false&#038;width=500\" width=\"500\" height=\"498\" style=\"border:none;overflow:hidden\" scrolling=\"no\" frameborder=\"0\" allowfullscreen=\"true\" allow=\"autoplay; clipboard-write; encrypted-media; picture-in-picture; web-share\" 0=\"\/iframe\" class=\"iframe-class\"><\/iframe>\n<\/p>\n<p><!--more--><\/p>\n<h2 style=\"text-align: center\"><span style=\"font-size: 16px;color: #008080\">ORGANISMOS Y ASOCIACIONES<\/span><\/h2>\n<ul>\n<li><a href=\"http:\/\/ec.europa.eu\/agriculture\/organic\/home_es\">Agricultura Ecol\u00f3gica. P\u00e1gina web de la Comisi\u00f3n Europea <\/a><\/li>\n<li><a href=\"https:\/\/www.mapa.gob.es\/es\/alimentacion\/temas\/produccion-ecologica\/\">Ministerio de Agricultura, Pesca y Alimentaci\u00f3n (Alimentaci\u00f3n\/Agricultura Ecol\u00f3gica)<\/a><\/li>\n<li><a title=\"Principado de Asturias\" href=\"http:\/\/www.asturias.es\/portal\/site\/webasturias\/menuitem.f6d8fb00dc819a6bd9db8433f2300030\/?vgnextoid=854344faf08ad210VgnVCM1000002f030003RCRD&amp;vgnextchannel=dad56fc85c97d210VgnVCM1000002f030003RCRD&amp;i18n.http.lang=es\" target=\"_blank\" rel=\"noopener noreferrer\">Principado de Asturias (Agricultura y montes)<\/a><\/li>\n<li><a href=\"https:\/\/www.educastur.es\/-\/comedores-escolar-1\">Programa de Alimentaci\u00f3n Saludable y Producci\u00f3n Ecol\u00f3gica en los Comedores Escolares<\/a><\/li>\n<li><a href=\"http:\/\/www.serida.org\" target=\"_blank\" rel=\"noopener noreferrer\">SERIDA. Servicio Regional de investigaci\u00f3n y Desarrollo Agroalimentario <\/a><\/li>\n<li><a href=\"http:\/\/www.interecoweb.com\/\" target=\"_blank\" rel=\"noopener noreferrer\">INTERECO. Asociaci\u00f3n de organismos p\u00fablicos de control y certificaci\u00f3n <\/a><\/li>\n<li><a href=\"http:\/\/www.agroecologia.net\" target=\"_blank\" rel=\"noopener noreferrer\">SEAE. Sociedad Espa\u00f1ola de Agricultura Ecol\u00f3gica <\/a><\/li>\n<li><a href=\"http:\/\/www.terneraasturiana.org\/presentacion.html\" target=\"_blank\" rel=\"noopener noreferrer\">Consejo Regulador\u00a0 de la IGP \u00abTernera Asturiana\u00bb<br \/>\n<\/a><\/li>\n<\/ul>\n<p>OTROS ENLACES DE INTER\u00c9S<\/p>\n<ul>\n<li><a href=\"http:\/\/sigpac.mapa.es\/fega\/visor\" target=\"_blank\" rel=\"noopener noreferrer\">Sistema de Informaci\u00f3n geogr\u00e1fica de parcelas agr\u00edcolas <\/a><\/li>\n<li><a href=\"http:\/\/www.catastro.meh.es\/\" target=\"_blank\" rel=\"noopener noreferrer\">Oficina virtual de catastro <\/a><\/li>\n<li><a href=\"http:\/\/www.goolzoom.com\" target=\"_blank\" rel=\"noopener noreferrer\">Google Maps + Catastro + Sigpac <\/a><\/li>\n<li><a title=\"Consulta semillas\" href=\"http:\/\/www.magrama.gob.es\/app\/EcoSem\/consultasemillas.aspx\" target=\"_blank\" rel=\"noopener noreferrer\">Consulta de semillas de producci\u00f3n ecol\u00f3gica<\/a><\/li>\n<li><a href=\"http:\/\/www.lafertilidaddelatierra.com\" target=\"_blank\" rel=\"noopener noreferrer\">La Fertilidad de la Tierra. Revista de Agricultura Ecol\u00f3gica <\/a><\/li>\n<li><a href=\"http:\/\/www.vidasana.org\" target=\"_blank\" rel=\"noopener noreferrer\">Asociaci\u00f3n Vida Sana <\/a><\/li>\n<\/ul>\n","protected":false},"excerpt":{"rendered":"<p>G\u00fcei, celebramos el D\u00eda Mundial de l&#8217;Agricultura Ecol\u00f3xica ?? En #AlimentosDelPara\u00edso, valoramos y sofitamos l&#8217;agricultura ecol\u00f3xica, que promueve pr\u00e1ctiques sostenibles y respetuoses col mediu ambiente ?????Como fai COPAE Asturies , una entid\u00e1 de xesti\u00f3n competente en materia agrario, pa conferi-y la funci\u00f3n de realizar el control oficial de la producci\u00f3n ecol\u00f3xica \u2705<\/p>\n","protected":false},"author":117,"featured_media":0,"comment_status":"open","ping_status":"open","sticky":false,"template":"","format":"standard","meta":{"footnotes":""},"categories":[138,6,1],"tags":[],"class_list":["post-22007","post","type-post","status-publish","format-standard","hentry","category-alimentos","category-dia-de","category-sin-categoria"],"_links":{"self":[{"href":"https:\/\/edublog.educastur.es\/ixuxu\/wp-json\/wp\/v2\/posts\/22007","targetHints":{"allow":["GET"]}}],"collection":[{"href":"https:\/\/edublog.educastur.es\/ixuxu\/wp-json\/wp\/v2\/posts"}],"about":[{"href":"https:\/\/edublog.educastur.es\/ixuxu\/wp-json\/wp\/v2\/types\/post"}],"author":[{"embeddable":true,"href":"https:\/\/edublog.educastur.es\/ixuxu\/wp-json\/wp\/v2\/users\/117"}],"replies":[{"embeddable":true,"href":"https:\/\/edublog.educastur.es\/ixuxu\/wp-json\/wp\/v2\/comments?post=22007"}],"version-history":[{"count":1,"href":"https:\/\/edublog.educastur.es\/ixuxu\/wp-json\/wp\/v2\/posts\/22007\/revisions"}],"predecessor-version":[{"id":22008,"href":"https:\/\/edublog.educastur.es\/ixuxu\/wp-json\/wp\/v2\/posts\/22007\/revisions\/22008"}],"wp:attachment":[{"href":"https:\/\/edublog.educastur.es\/ixuxu\/wp-json\/wp\/v2\/media?parent=22007"}],"wp:term":[{"taxonomy":"category","embeddable":true,"href":"https:\/\/edublog.educastur.es\/ixuxu\/wp-json\/wp\/v2\/categories?post=22007"},{"taxonomy":"post_tag","embeddable":true,"href":"https:\/\/edublog.educastur.es\/ixuxu\/wp-json\/wp\/v2\/tags?post=22007"}],"curies":[{"name":"wp","href":"https:\/\/api.w.org\/{rel}","templated":true}]}}