{"id":22009,"date":"2023-09-23T22:09:50","date_gmt":"2023-09-23T20:09:50","guid":{"rendered":"https:\/\/edublog.educastur.es\/ixuxu\/?p=22009"},"modified":"2023-09-23T22:10:18","modified_gmt":"2023-09-23T20:10:18","slug":"estau-del-tiempu-nasturies-14","status":"publish","type":"post","link":"https:\/\/edublog.educastur.es\/ixuxu\/2023\/09\/estau-del-tiempu-nasturies-14\/","title":{"rendered":"Est\u00e1u del tiempu n&#8217;Asturies"},"content":{"rendered":"<div class=\"xdj266r x11i5rnm xat24cr x1mh8g0r x1vvkbs x126k92a\"><\/div>\n<div class=\"x11i5rnm xat24cr x1mh8g0r x1vvkbs xtlvy1s x126k92a\">\n<ul>\n<li><a href=\"https:\/\/www.facebook.com\/eltiempuenasturies\">Fonte: Tiempu n&#8217;Asturies<\/a><\/li>\n<\/ul>\n<div dir=\"auto\"><\/div>\n<\/div>\n<div class=\"x11i5rnm xat24cr x1mh8g0r x1vvkbs xtlvy1s x126k92a\">\n<div dir=\"auto\"><strong>Alborecemos<\/strong> con cirroestratos nel cielu ya con unes temperatures que tan alrodiu de los 11\u00baC, rexistr\u00e1ndose nel puirtu Payares 4,9\u00baC.<\/div>\n<\/div>\n<div class=\"x11i5rnm xat24cr x1mh8g0r x1vvkbs xtlvy1s x126k92a\">\n<div dir=\"auto\"><strong>G\u00fcei<\/strong> durante la ma\u00f1ana van dir dixebr\u00e1ndose los cirroestratos de la alborada pa quedar el cielu poco nuboso o escampl\u00e1u, am\u00e1s l&#8217;aire sedr\u00e1 sele ya variable y les temperatures m\u00e1simes subir\u00e1n llixeramente a pesar de la llume del sol.<\/div>\n<div dir=\"auto\"><\/div>\n<\/div>\n<p><!--more--><\/p>\n<div class=\"x11i5rnm xat24cr x1mh8g0r x1vvkbs xtlvy1s x126k92a\">\n<div dir=\"auto\"><strong>Ma\u00f1ana domingu<\/strong> vamos tener dalgo de nubosid\u00e1 baxa durante&#8217;l riscar, pa dir dixebr\u00e1ndose na alborada y quedar el cielu poco nuboso o escampl\u00e1u durante&#8217;l d\u00eda, am\u00e1s les temperatures m\u00e1simes van subir bultablemente, dex\u00e1ndonos una sensaci\u00f3n braniega.<\/div>\n<div dir=\"auto\"><\/div>\n<\/div>\n<div class=\"x11i5rnm xat24cr x1mh8g0r x1vvkbs xtlvy1s x126k92a\">\n<div dir=\"auto\"><strong>El llunes<\/strong> va tar poco nuboso pela ma\u00f1ana aumentando les nubes pela tarde hasta dexar el cielu nuble con unes temperatures que camudar\u00e1n poco o baxar\u00e1n llixeramente y el martes tendremos nubosid\u00e1 variable y escases posibilidaes d&#8217;agua.<\/div>\n<\/div>\n","protected":false},"excerpt":{"rendered":"<p>Fonte: Tiempu n&#8217;Asturies Alborecemos con cirroestratos nel cielu ya con unes temperatures que tan alrodiu de los 11\u00baC, rexistr\u00e1ndose nel puirtu Payares 4,9\u00baC. G\u00fcei durante la ma\u00f1ana van dir dixebr\u00e1ndose los cirroestratos de la alborada pa quedar el cielu poco nuboso o escampl\u00e1u, am\u00e1s l&#8217;aire sedr\u00e1 sele ya variable y les temperatures m\u00e1simes subir\u00e1n llixeramente [&hellip;]<\/p>\n","protected":false},"author":117,"featured_media":0,"comment_status":"open","ping_status":"open","sticky":false,"template":"","format":"standard","meta":{"footnotes":""},"categories":[5],"tags":[],"class_list":["post-22009","post","type-post","status-publish","format-standard","hentry","category-tiempu"],"_links":{"self":[{"href":"https:\/\/edublog.educastur.es\/ixuxu\/wp-json\/wp\/v2\/posts\/22009","targetHints":{"allow":["GET"]}}],"collection":[{"href":"https:\/\/edublog.educastur.es\/ixuxu\/wp-json\/wp\/v2\/posts"}],"about":[{"href":"https:\/\/edublog.educastur.es\/ixuxu\/wp-json\/wp\/v2\/types\/post"}],"author":[{"embeddable":true,"href":"https:\/\/edublog.educastur.es\/ixuxu\/wp-json\/wp\/v2\/users\/117"}],"replies":[{"embeddable":true,"href":"https:\/\/edublog.educastur.es\/ixuxu\/wp-json\/wp\/v2\/comments?post=22009"}],"version-history":[{"count":2,"href":"https:\/\/edublog.educastur.es\/ixuxu\/wp-json\/wp\/v2\/posts\/22009\/revisions"}],"predecessor-version":[{"id":22011,"href":"https:\/\/edublog.educastur.es\/ixuxu\/wp-json\/wp\/v2\/posts\/22009\/revisions\/22011"}],"wp:attachment":[{"href":"https:\/\/edublog.educastur.es\/ixuxu\/wp-json\/wp\/v2\/media?parent=22009"}],"wp:term":[{"taxonomy":"category","embeddable":true,"href":"https:\/\/edublog.educastur.es\/ixuxu\/wp-json\/wp\/v2\/categories?post=22009"},{"taxonomy":"post_tag","embeddable":true,"href":"https:\/\/edublog.educastur.es\/ixuxu\/wp-json\/wp\/v2\/tags?post=22009"}],"curies":[{"name":"wp","href":"https:\/\/api.w.org\/{rel}","templated":true}]}}