{"id":22201,"date":"2023-10-12T21:14:49","date_gmt":"2023-10-12T19:14:49","guid":{"rendered":"https:\/\/edublog.educastur.es\/ixuxu\/?p=22201"},"modified":"2023-10-12T21:17:50","modified_gmt":"2023-10-12T19:17:50","slug":"les-guardianes-del-planeta","status":"publish","type":"post","link":"https:\/\/edublog.educastur.es\/ixuxu\/2023\/10\/les-guardianes-del-planeta\/","title":{"rendered":"\u00abLes guardianes del planeta\u00bb (Xuan Porta)"},"content":{"rendered":"<ul>\n<li><a href=\"https:\/\/fusionasturias.com\/opinion\/el-cantul-xibarte\/les-guardianes-del-planeta.htm?fbclid=IwAR1lae898QocPp2OBNcXp9ud0Pd_mci64a0Mt5gshEUuR0HgfKi50YfuxLw\">Fonte: Revista Fusi\u00f3n Asturias<\/a> \/<\/li>\n<li>Por<a href=\"https:\/\/fusionasturias.com\/author\/xuanporta\">Xuan Porta<\/a><\/li>\n<\/ul>\n<p><span class=\"td-post-date\">\u00a0<\/span><\/p>\n<p style=\"text-align: center\"><a href=\"https:\/\/fusionasturias.com\/wp-content\/uploads\/2023\/10\/el-cantul-xibarte.jpg\"><img loading=\"lazy\" decoding=\"async\" class=\"aligncenter \" src=\"https:\/\/fusionasturias.com\/wp-content\/uploads\/2023\/10\/el-cantul-xibarte.jpg\" width=\"670\" height=\"541\" \/><\/a><\/p>\n<p><em>Las guardianas de nuestro planeta.<\/em> Esi ye\u2019l nome que-y punxeron a <em>Nation Whale<\/em>. Una pel\u00edcula documental dientro\u2019l <em>Wild Oceans Film Fest<\/em> cellebr\u00e1u na primer semana d\u2019ochobre nel Bioparc del Acuariu de Xix\u00f3n. A la que siguiera un coloquiu con tres bi\u00f3logos expertos en ballenes.<\/p>\n<p><!--more--><br \/>\nFoi na II edici\u00f3n a la que siguir\u00e1n m\u00e1s.<br \/>\nHebo p\u00fablicu de toles edaes escuchando c\u00f3mo apaecieron les ballenes fai 50 millones d\u2019a\u00f1os y c\u00f3mo deprendieron a cantar fai 45 millones d\u2019a\u00f1os.<\/p>\n<div class=\"code-block code-block-7\">\n<p>&nbsp;<\/p>\n<div id=\"beacon_17f38c6342\" style=\"text-align: center\"><img loading=\"lazy\" decoding=\"async\" src=\"https:\/\/fusionasturias.com\/publi\/www\/delivery\/lg.php?bannerid=0&amp;campaignid=0&amp;zoneid=10&amp;loc=https%3A%2F%2Ffusionasturias.com%2Fopinion%2Fel-cantul-xibarte%2Fles-guardianes-del-planeta.htm%3Ffbclid%3DIwAR1lae898QocPp2OBNcXp9ud0Pd_mci64a0Mt5gshEUuR0HgfKi50YfuxLw&amp;referer=https%3A%2F%2Fl.facebook.com%2F&amp;cb=17f38c6342\" alt=\"\" width=\"0\" height=\"0\" \/>\n<!-- iframe plugin v.6.0 wordpress.org\/plugins\/iframe\/ -->\n<iframe loading=\"lazy\" width=\"100%\" height=\"400\" src=\"https:\/\/www.youtube.com\/embed\/ArA9DucsdaI\" title=\"Las Guardianas Del Planeta (2023) 4K Tr\u00e1iler Oficial Espa\u00f1ol\" frameborder=\"0\" allow=\"accelerometer; autoplay; clipboard-write; encrypted-media; gyroscope; picture-in-picture; web-share\" 0=\"allowfullscreen\" 1=\"\/iframe\" scrolling=\"yes\" class=\"iframe-class\"><\/iframe>\n<\/div>\n<p>&nbsp;<\/p>\n<\/div>\n<p>La caza comercial y el camb\u00e9u clim\u00e1ticu llev\u00e1ronles al carel del desaniciu hasta que en 1986 \u00f1aci\u00f3 la Moratoria Internacional de caza de ballenes pola Comisi\u00f3n Ballenera Internacional formada por cuasi 90 estaos, que n\u2019Europa nun respetaron Noruega ya Islandia cola sida de siguir cola \u201ccaza cient\u00edfica\u201d.<\/p>\n<p>Nel mar Cant\u00e1bricu constat\u00f3se la desaparici\u00f3n de la ballena franca, n\u00f3mada asina por ser la m\u00e1s f\u00e1cil de cazar pola so lentit\u00fa, pola esplotaci\u00f3n comercial del sa\u00edn, dende\u2019l sieglu VII hasta 1901, magar queden unos 400 exemplares en Norteam\u00e9rica.<br \/>\nEnantes desapaeci\u00f3 la ballena gris, qu\u2019esisti\u00f3 equ\u00ed hasta l\u2019esterminiu na Ed\u00e1 Media, dat\u00e1ndose\u2019l caberu exemplar nel sieglu XVII. Angua\u00f1o pervive nel Pac\u00edficu.<\/p>\n<blockquote><p>Nel mar Cant\u00e1bricu constat\u00f3se la desaparici\u00f3n de la ballena franca, n\u00f3mada asina por ser la m\u00e1s f\u00e1cil de cazar pola so lentit\u00fa, pola esplotaci\u00f3n comercial del sa\u00edn, dende\u2019l sieglu VII hasta 1901.<\/p><\/blockquote>\n<p><em>Whale Nation<\/em> de Heathcote Williams ye\u2019l poema qu\u2019inspir\u00f3 la pel\u00edcula, na qu\u2019al travi\u00e9s d\u2019una ballena franca varada desend\u00f3lcase tola vida ya importancia de la especie y el so mundiu, con ballenes azules, xibartes y otres, hasta que ye lliberada otra vegada a la mar por un grupu de voluntarios que taben na sablera nel que taba\u2019l ne\u00f1u que l\u2019alcontr\u00f3 y la salud\u00f3 a la fin, retrucando ella con saltos d\u2019allegr\u00eda.<br \/>\nUnos retayos del poema dicen asina:<\/p>\n<p>\u201cDende l\u2019espaciu, el planeta ye azul.<br \/>\nDende l\u2019espaciu, el planeta ye territoriu non d\u2019humanos, sin\u00f3n de ballenes.<br \/>\nLos mares azules cubren siete d\u00e9cimes partes de la superficie terrestre,<br \/>\ny son el dominio del celebru m\u00e1s grande enxam\u00e1s cre\u00e1u,<br \/>\ncon un sonr\u00eds de cincuenta millones d\u2019a\u00f1\u00f3s.<br \/>\nMam\u00edferos antiguos y desconoc\u00edos abandonaron la tierra a la gueta d\u2019alimentos o<br \/>\nabellugu y adientr\u00e1ronse nel agua.<br \/>\nLos sos brazos y manes tresform\u00e1ronse en nales d\u2019agua.<br \/>\nLes so coles torn\u00e1ronse n\u2019aletes en forma de <em>boomerang<\/em>,<br \/>\nlo que-yos permiti\u00f3 esnalar, cuasi ensin pesu, al travi\u00e9s de los oc\u00e9anos;<br \/>\nles sos pates traseres desapaecieron, enterraes fondamente nos sos llaos.<br \/>\nLlibre de presiones terrestres:<br \/>\nllibres de seques, terremotos, glaciaciones, volcanes, fames, (\u2026)\u201d.<\/p>\n<blockquote><p>La Moratoria pue algamar dalg\u00fan d\u00eda los pa\u00edses que falten y prohibise dafechu la caza de los seres col celebru mayor de toos, \u201c(\u2026) diez vegaes m\u00e1s antiguos que\u2019l del home (\u2026)\u201d.<\/p><\/blockquote>\n<p>Un estudiu de reci\u00e9n fala que la caza de ballenes grises entam\u00f3 na Ed\u00e1 de Piedra, nel 3500 e.C. lo que pod\u00eda ser la tradici\u00f3n ballenera m\u00e1s vieya d\u2019Europa, seg\u00fan la Universid\u00e1 d\u2019Uvi\u00e9u. Poro, apaecieron g\u00fcesos d\u2019elles nos castros \u00e1stures, como\u2019l de Noega.<br \/>\nLa Moratoria pue algamar dalg\u00fan d\u00eda los pa\u00edses que falten y prohibise dafechu la caza de los seres col celebru mayor de toos, \u201c(\u2026) diez vegaes m\u00e1s antiguos que\u2019l del home (\u2026)\u201d. Y asina salvar los fluxos migratorios y la vida de los microorganismos qu\u2019apurren l\u2019os\u00edxenu que respira\u2019l planeta.<\/p>\n<p>En Xix\u00f3n el dichu tradicional \u201cvete a ver la ballena\u201d ad\u00e1ptase a los tiempos d\u2019angua\u00f1o, y\u00e1 val pa curiales meyor al tresformase con esti tipu de festivales de divulgaci\u00f3n cient\u00edfica. Nunca fuera una especie frecuente en Xix\u00f3n el xibarte, anque apaeci\u00f3 una en 2016 xunto a El Musel.<\/p>\n<p>Que nun seya la cabera. Lo mesmo que nun sedr\u00e1 esta nueva seici\u00f3n inspirada nel so nome y nel so cantu.<\/p>\n","protected":false},"excerpt":{"rendered":"<p>Fonte: Revista Fusi\u00f3n Asturias \/ PorXuan Porta \u00a0 Las guardianas de nuestro planeta. Esi ye\u2019l nome que-y punxeron a Nation Whale. Una pel\u00edcula documental dientro\u2019l Wild Oceans Film Fest cellebr\u00e1u na primer semana d\u2019ochobre nel Bioparc del Acuariu de Xix\u00f3n. A la que siguiera un coloquiu con tres bi\u00f3logos expertos en ballenes.<\/p>\n","protected":false},"author":117,"featured_media":0,"comment_status":"open","ping_status":"open","sticky":false,"template":"","format":"standard","meta":{"footnotes":""},"categories":[49],"tags":[],"class_list":["post-22201","post","type-post","status-publish","format-standard","hentry","category-revistes"],"_links":{"self":[{"href":"https:\/\/edublog.educastur.es\/ixuxu\/wp-json\/wp\/v2\/posts\/22201","targetHints":{"allow":["GET"]}}],"collection":[{"href":"https:\/\/edublog.educastur.es\/ixuxu\/wp-json\/wp\/v2\/posts"}],"about":[{"href":"https:\/\/edublog.educastur.es\/ixuxu\/wp-json\/wp\/v2\/types\/post"}],"author":[{"embeddable":true,"href":"https:\/\/edublog.educastur.es\/ixuxu\/wp-json\/wp\/v2\/users\/117"}],"replies":[{"embeddable":true,"href":"https:\/\/edublog.educastur.es\/ixuxu\/wp-json\/wp\/v2\/comments?post=22201"}],"version-history":[{"count":4,"href":"https:\/\/edublog.educastur.es\/ixuxu\/wp-json\/wp\/v2\/posts\/22201\/revisions"}],"predecessor-version":[{"id":22205,"href":"https:\/\/edublog.educastur.es\/ixuxu\/wp-json\/wp\/v2\/posts\/22201\/revisions\/22205"}],"wp:attachment":[{"href":"https:\/\/edublog.educastur.es\/ixuxu\/wp-json\/wp\/v2\/media?parent=22201"}],"wp:term":[{"taxonomy":"category","embeddable":true,"href":"https:\/\/edublog.educastur.es\/ixuxu\/wp-json\/wp\/v2\/categories?post=22201"},{"taxonomy":"post_tag","embeddable":true,"href":"https:\/\/edublog.educastur.es\/ixuxu\/wp-json\/wp\/v2\/tags?post=22201"}],"curies":[{"name":"wp","href":"https:\/\/api.w.org\/{rel}","templated":true}]}}