{"id":22210,"date":"2023-10-17T10:29:08","date_gmt":"2023-10-17T08:29:08","guid":{"rendered":"https:\/\/edublog.educastur.es\/ixuxu\/?p=22210"},"modified":"2023-10-18T10:31:55","modified_gmt":"2023-10-18T08:31:55","slug":"dia-de-les-muyeres-escritores","status":"publish","type":"post","link":"https:\/\/edublog.educastur.es\/ixuxu\/2023\/10\/dia-de-les-muyeres-escritores\/","title":{"rendered":"D\u00eda de les muyeres escritores"},"content":{"rendered":"<p>La Biblioteca Nacional d&#8217;Espa\u00f1a, en collaboraci\u00f3n cola Federaci\u00f3n Espa\u00f1ola de Muyeres Directives, Executives, Profesionales y Empresaries (FEDEPE) y cola Asociaci\u00f3n Cl\u00e1sicu y Modernu, celebren cada a\u00f1u, dende 2016, el D\u00eda de les Escritores.<\/p>\n<p style=\"text-align: center\"><a href=\"https:\/\/th.bing.com\/th\/id\/OIP.Y_FvidqcSdCCwnwP5VtR5gHaGv?pid=ImgDet&amp;rs=1\"><img loading=\"lazy\" decoding=\"async\" class=\"aligncenter size-full\" src=\"https:\/\/th.bing.com\/th\/id\/OIP.Y_FvidqcSdCCwnwP5VtR5gHaGv?pid=ImgDet&amp;rs=1\" width=\"474\" height=\"431\" \/><\/a><\/p>\n<p><!--more--><\/p>\n<p>Tr\u00e1tase de reivindicar el llabor y el leg\u00e1u lliterariu de les muyeres, tantes vegaes apostraes a un segundu planu a lo llargo de la hestoria. La primer edici\u00f3n llevose a cabu en 2016, y de magar, la fecha escoyida ye siempres el llunes m\u00e1s cercanu al 15 d&#8217;ochobre, aniversariu del fallecimientu de Teresa de Jes\u00fas.<\/p>\n<p>&nbsp;<\/p>\n<p>Nel D\u00eda de les Escritores, queremos recomendavos el vision\u00e1u d&#8217;Elles, muyeres na lliteratura asturiana, una serie documental que fiximos con munchu ci\u00f1u y que pue vese en RTPA a la Carta<\/p>\n<p style=\"text-align: center\">\n<!-- iframe plugin v.6.0 wordpress.org\/plugins\/iframe\/ -->\n<iframe loading=\"lazy\" src=\"https:\/\/www.facebook.com\/plugins\/post.php?href=https%3A%2F%2Fwww.facebook.com%2Fphoto.php%3Ffbid%3D869278755093112%26set%3Da.796306512390337%26type%3D3&#038;show_text=false&#038;width=500\" width=\"500\" height=\"435\" style=\"border:none;overflow:hidden\" scrolling=\"no\" frameborder=\"0\" allowfullscreen=\"true\" allow=\"autoplay; clipboard-write; encrypted-media; picture-in-picture; web-share\" 0=\"\/iframe\" class=\"iframe-class\"><\/iframe>\n<\/p>\n","protected":false},"excerpt":{"rendered":"<p>La Biblioteca Nacional d&#8217;Espa\u00f1a, en collaboraci\u00f3n cola Federaci\u00f3n Espa\u00f1ola de Muyeres Directives, Executives, Profesionales y Empresaries (FEDEPE) y cola Asociaci\u00f3n Cl\u00e1sicu y Modernu, celebren cada a\u00f1u, dende 2016, el D\u00eda de les Escritores.<\/p>\n","protected":false},"author":117,"featured_media":0,"comment_status":"open","ping_status":"open","sticky":false,"template":"","format":"standard","meta":{"footnotes":""},"categories":[6],"tags":[],"class_list":["post-22210","post","type-post","status-publish","format-standard","hentry","category-dia-de"],"_links":{"self":[{"href":"https:\/\/edublog.educastur.es\/ixuxu\/wp-json\/wp\/v2\/posts\/22210","targetHints":{"allow":["GET"]}}],"collection":[{"href":"https:\/\/edublog.educastur.es\/ixuxu\/wp-json\/wp\/v2\/posts"}],"about":[{"href":"https:\/\/edublog.educastur.es\/ixuxu\/wp-json\/wp\/v2\/types\/post"}],"author":[{"embeddable":true,"href":"https:\/\/edublog.educastur.es\/ixuxu\/wp-json\/wp\/v2\/users\/117"}],"replies":[{"embeddable":true,"href":"https:\/\/edublog.educastur.es\/ixuxu\/wp-json\/wp\/v2\/comments?post=22210"}],"version-history":[{"count":4,"href":"https:\/\/edublog.educastur.es\/ixuxu\/wp-json\/wp\/v2\/posts\/22210\/revisions"}],"predecessor-version":[{"id":22214,"href":"https:\/\/edublog.educastur.es\/ixuxu\/wp-json\/wp\/v2\/posts\/22210\/revisions\/22214"}],"wp:attachment":[{"href":"https:\/\/edublog.educastur.es\/ixuxu\/wp-json\/wp\/v2\/media?parent=22210"}],"wp:term":[{"taxonomy":"category","embeddable":true,"href":"https:\/\/edublog.educastur.es\/ixuxu\/wp-json\/wp\/v2\/categories?post=22210"},{"taxonomy":"post_tag","embeddable":true,"href":"https:\/\/edublog.educastur.es\/ixuxu\/wp-json\/wp\/v2\/tags?post=22210"}],"curies":[{"name":"wp","href":"https:\/\/api.w.org\/{rel}","templated":true}]}}